{"id":1572,"date":"2013-01-03T18:09:49","date_gmt":"2013-01-03T15:09:49","guid":{"rendered":"http:\/\/www.real.edu.ee\/ajaveeb\/136b\/?p=1572"},"modified":"2013-01-03T18:09:49","modified_gmt":"2013-01-03T15:09:49","slug":"joulupidu-ja-jouluklassiohtu","status":"publish","type":"post","link":"https:\/\/www.real.edu.ee\/ajaveeb\/arh136b\/2013\/01\/03\/joulupidu-ja-jouluklassiohtu\/","title":{"rendered":"J\u00f5ulupidu ja j\u00f5uluklassi\u00f5htu!"},"content":{"rendered":"<p>J\u00f5ulun\u00e4dala haripunktiks v\u00f5ib kindlasti pidada V\u00e4ikese Maja j\u00f5ulupeo ja klassi\u00f5htu p\u00e4eva, 20. detsembrit.<\/p>\n<p>J\u00f5ulupeol aulas osales ka j\u00f5uluvana, kes kuulas ja vaatas meie esinemisi ning andis \u00fcle kingikoti, millest iga \u00f5pilane oma kingi hoopis klassi\u00f5htul k\u00e4tte sai ja seda juba hoopis uue j\u00f5uluvana k\u00e4est&#8230;<\/p>\n<p>Klassi\u00f5htu korraldasid poisid ja see oli vahvalt l\u00e4bi m\u00f5eldud.T\u00e4psemalt vaata piltidelt!<\/p>\n\n\t\t<style type=\"text\/css\">\n\t\t\t#gallery-1 {\n\t\t\t\tmargin: auto;\n\t\t\t}\n\t\t\t#gallery-1 .gallery-item {\n\t\t\t\tfloat: left;\n\t\t\t\tmargin-top: 10px;\n\t\t\t\ttext-align: center;\n\t\t\t\twidth: 50%;\n\t\t\t}\n\t\t\t#gallery-1 img {\n\t\t\t\tborder: 2px solid #cfcfcf;\n\t\t\t}\n\t\t\t#gallery-1 .gallery-caption {\n\t\t\t\tmargin-left: 0;\n\t\t\t}\n\t\t\t\/* see gallery_shortcode() in wp-includes\/media.php *\/\n\t\t<\/style>\n\t\t<div id='gallery-1' class='gallery galleryid-1572 gallery-columns-2 gallery-size-thumbnail'><dl class='gallery-item'>\n\t\t\t<dt class='gallery-icon portrait'>\n\t\t\t\t<a href='https:\/\/www.real.edu.ee\/ajaveeb\/arh136b\/files\/2013\/01\/IMG_1456-e1357225676829.jpg'><img loading=\"lazy\" decoding=\"async\" width=\"150\" height=\"150\" src=\"https:\/\/www.real.edu.ee\/ajaveeb\/arh136b\/files\/2013\/01\/IMG_1456-e1357225676829-150x150.jpg\" class=\"attachment-thumbnail size-thumbnail\" alt=\"\" \/><\/a>\n\t\t\t<\/dt><\/dl><dl class='gallery-item'>\n\t\t\t<dt class='gallery-icon landscape'>\n\t\t\t\t<a href='https:\/\/www.real.edu.ee\/ajaveeb\/arh136b\/files\/2013\/01\/IMG_1462.jpg'><img loading=\"lazy\" decoding=\"async\" width=\"150\" height=\"150\" src=\"https:\/\/www.real.edu.ee\/ajaveeb\/arh136b\/files\/2013\/01\/IMG_1462-150x150.jpg\" class=\"attachment-thumbnail size-thumbnail\" alt=\"\" \/><\/a>\n\t\t\t<\/dt><\/dl><br style=\"clear: both\" \/><dl class='gallery-item'>\n\t\t\t<dt class='gallery-icon portrait'>\n\t\t\t\t<a href='https:\/\/www.real.edu.ee\/ajaveeb\/arh136b\/files\/2013\/01\/IMG_1467-e1357225587870.jpg'><img loading=\"lazy\" decoding=\"async\" width=\"150\" height=\"150\" src=\"https:\/\/www.real.edu.ee\/ajaveeb\/arh136b\/files\/2013\/01\/IMG_1467-e1357225587870-150x150.jpg\" class=\"attachment-thumbnail size-thumbnail\" alt=\"\" \/><\/a>\n\t\t\t<\/dt><\/dl><dl class='gallery-item'>\n\t\t\t<dt class='gallery-icon portrait'>\n\t\t\t\t<a href='https:\/\/www.real.edu.ee\/ajaveeb\/arh136b\/files\/2013\/01\/IMG_1481-e1357225613754.jpg'><img loading=\"lazy\" decoding=\"async\" width=\"150\" height=\"150\" src=\"https:\/\/www.real.edu.ee\/ajaveeb\/arh136b\/files\/2013\/01\/IMG_1481-e1357225613754-150x150.jpg\" class=\"attachment-thumbnail size-thumbnail\" alt=\"\" \/><\/a>\n\t\t\t<\/dt><\/dl><br style=\"clear: both\" \/><dl class='gallery-item'>\n\t\t\t<dt class='gallery-icon landscape'>\n\t\t\t\t<a href='https:\/\/www.real.edu.ee\/ajaveeb\/arh136b\/files\/2013\/01\/IMG_1483.jpg'><img loading=\"lazy\" decoding=\"async\" width=\"150\" height=\"150\" src=\"https:\/\/www.real.edu.ee\/ajaveeb\/arh136b\/files\/2013\/01\/IMG_1483-150x150.jpg\" class=\"attachment-thumbnail size-thumbnail\" alt=\"\" \/><\/a>\n\t\t\t<\/dt><\/dl><dl class='gallery-item'>\n\t\t\t<dt class='gallery-icon landscape'>\n\t\t\t\t<a href='https:\/\/www.real.edu.ee\/ajaveeb\/arh136b\/files\/2013\/01\/IMG_1485.jpg'><img loading=\"lazy\" decoding=\"async\" width=\"150\" height=\"150\" src=\"https:\/\/www.real.edu.ee\/ajaveeb\/arh136b\/files\/2013\/01\/IMG_1485-150x150.jpg\" class=\"attachment-thumbnail size-thumbnail\" alt=\"\" \/><\/a>\n\t\t\t<\/dt><\/dl><br style=\"clear: both\" \/><dl class='gallery-item'>\n\t\t\t<dt class='gallery-icon landscape'>\n\t\t\t\t<a href='https:\/\/www.real.edu.ee\/ajaveeb\/arh136b\/files\/2013\/01\/IMG_1498.jpg'><img loading=\"lazy\" decoding=\"async\" width=\"150\" height=\"150\" src=\"https:\/\/www.real.edu.ee\/ajaveeb\/arh136b\/files\/2013\/01\/IMG_1498-150x150.jpg\" class=\"attachment-thumbnail size-thumbnail\" alt=\"\" \/><\/a>\n\t\t\t<\/dt><\/dl><dl class='gallery-item'>\n\t\t\t<dt class='gallery-icon landscape'>\n\t\t\t\t<a href='https:\/\/www.real.edu.ee\/ajaveeb\/arh136b\/files\/2013\/01\/IMG_1502.jpg'><img loading=\"lazy\" decoding=\"async\" width=\"150\" height=\"150\" src=\"https:\/\/www.real.edu.ee\/ajaveeb\/arh136b\/files\/2013\/01\/IMG_1502-150x150.jpg\" class=\"attachment-thumbnail size-thumbnail\" alt=\"\" \/><\/a>\n\t\t\t<\/dt><\/dl><br style=\"clear: both\" \/>\n\t\t<\/div>\n\n","protected":false},"excerpt":{"rendered":"<p>J\u00f5ulun\u00e4dala haripunktiks v\u00f5ib kindlasti pidada V\u00e4ikese Maja j\u00f5ulupeo ja klassi\u00f5htu p\u00e4eva, 20. detsembrit. J\u00f5ulupeol aulas osales ka j\u00f5uluvana, kes kuulas ja vaatas meie esinemisi ning andis \u00fcle kingikoti, millest iga \u00f5pilane oma kingi hoopis klassi\u00f5htul k\u00e4tte sai ja seda juba hoopis uue j\u00f5uluvana k\u00e4est&#8230; Klassi\u00f5htu korraldasid poisid ja see oli vahvalt l\u00e4bi m\u00f5eldud.T\u00e4psemalt vaata piltidelt!<\/p>\n","protected":false},"author":1,"featured_media":0,"comment_status":"open","ping_status":"open","sticky":false,"template":"","format":"standard","meta":{"footnotes":""},"categories":[5],"tags":[],"class_list":["post-1572","post","type-post","status-publish","format-standard","hentry","category-4-b"],"_links":{"self":[{"href":"https:\/\/www.real.edu.ee\/ajaveeb\/arh136b\/wp-json\/wp\/v2\/posts\/1572","targetHints":{"allow":["GET"]}}],"collection":[{"href":"https:\/\/www.real.edu.ee\/ajaveeb\/arh136b\/wp-json\/wp\/v2\/posts"}],"about":[{"href":"https:\/\/www.real.edu.ee\/ajaveeb\/arh136b\/wp-json\/wp\/v2\/types\/post"}],"author":[{"embeddable":true,"href":"https:\/\/www.real.edu.ee\/ajaveeb\/arh136b\/wp-json\/wp\/v2\/users\/1"}],"replies":[{"embeddable":true,"href":"https:\/\/www.real.edu.ee\/ajaveeb\/arh136b\/wp-json\/wp\/v2\/comments?post=1572"}],"version-history":[{"count":0,"href":"https:\/\/www.real.edu.ee\/ajaveeb\/arh136b\/wp-json\/wp\/v2\/posts\/1572\/revisions"}],"wp:attachment":[{"href":"https:\/\/www.real.edu.ee\/ajaveeb\/arh136b\/wp-json\/wp\/v2\/media?parent=1572"}],"wp:term":[{"taxonomy":"category","embeddable":true,"href":"https:\/\/www.real.edu.ee\/ajaveeb\/arh136b\/wp-json\/wp\/v2\/categories?post=1572"},{"taxonomy":"post_tag","embeddable":true,"href":"https:\/\/www.real.edu.ee\/ajaveeb\/arh136b\/wp-json\/wp\/v2\/tags?post=1572"}],"curies":[{"name":"wp","href":"https:\/\/api.w.org\/{rel}","templated":true}]}}