{"id":1075,"date":"2011-10-05T14:55:44","date_gmt":"2011-10-05T11:55:44","guid":{"rendered":"http:\/\/www.real.edu.ee\/ajaveeb\/136b\/?p=1075"},"modified":"2011-10-05T14:55:44","modified_gmt":"2011-10-05T11:55:44","slug":"sugislaat","status":"publish","type":"post","link":"https:\/\/www.real.edu.ee\/ajaveeb\/arh136b\/2011\/10\/05\/sugislaat\/","title":{"rendered":"S\u00dcGISLAAT"},"content":{"rendered":"<p>Kolmandate klasside korraldatud s\u00fcgislaat toimus s\u00fcgise s\u00fcnnip\u00e4eval, 23. septembril. S\u00fcgis pidutses t\u00e4ies v\u00e4es! Vihma ja p\u00e4ikest jagus nii rohkelt, et otsustasime laada viia aulasse varjule. Ja mida k\u00f5ike sellel pakuti&#8230;k\u00fcpsetisi, meisterdusi, jooke, hoidiseid- ja k\u00f5ik s\u00fcgisega seotud! Laat m\u00f6\u00f6dus\u00a0 rahvarohkelt ja rahule j\u00e4id nii ostjad kui m\u00fc\u00fcjad. Klassirahasse kogunes veerand iga m\u00fc\u00fcja sissetulekust ja klassi rahakott sai v\u00e4ga tubli t\u00e4ienduse. <strong>SUURIM T\u00c4NU KUULUB AGA LAADA ETTEVALMISTAJATELE- SUUR, SUUR AIT\u00c4H!<\/strong><\/p>\n<p><strong>\n\t\t<style type=\"text\/css\">\n\t\t\t#gallery-1 {\n\t\t\t\tmargin: auto;\n\t\t\t}\n\t\t\t#gallery-1 .gallery-item {\n\t\t\t\tfloat: left;\n\t\t\t\tmargin-top: 10px;\n\t\t\t\ttext-align: center;\n\t\t\t\twidth: 50%;\n\t\t\t}\n\t\t\t#gallery-1 img {\n\t\t\t\tborder: 2px solid #cfcfcf;\n\t\t\t}\n\t\t\t#gallery-1 .gallery-caption {\n\t\t\t\tmargin-left: 0;\n\t\t\t}\n\t\t\t\/* see gallery_shortcode() in wp-includes\/media.php *\/\n\t\t<\/style>\n\t\t<div id='gallery-1' class='gallery galleryid-1075 gallery-columns-2 gallery-size-thumbnail'><dl class='gallery-item'>\n\t\t\t<dt class='gallery-icon landscape'>\n\t\t\t\t<a href='https:\/\/www.real.edu.ee\/ajaveeb\/arh136b\/files\/2011\/10\/IMG_8117.jpg'><img loading=\"lazy\" decoding=\"async\" width=\"150\" height=\"150\" src=\"https:\/\/www.real.edu.ee\/ajaveeb\/arh136b\/files\/2011\/10\/IMG_8117-150x150.jpg\" class=\"attachment-thumbnail size-thumbnail\" alt=\"\" \/><\/a>\n\t\t\t<\/dt><\/dl><dl class='gallery-item'>\n\t\t\t<dt class='gallery-icon portrait'>\n\t\t\t\t<a href='https:\/\/www.real.edu.ee\/ajaveeb\/arh136b\/files\/2011\/10\/IMG_8087.jpg'><img loading=\"lazy\" decoding=\"async\" width=\"150\" height=\"150\" src=\"https:\/\/www.real.edu.ee\/ajaveeb\/arh136b\/files\/2011\/10\/IMG_8087-150x150.jpg\" class=\"attachment-thumbnail size-thumbnail\" alt=\"\" \/><\/a>\n\t\t\t<\/dt><\/dl><br style=\"clear: both\" \/><dl class='gallery-item'>\n\t\t\t<dt class='gallery-icon landscape'>\n\t\t\t\t<a href='https:\/\/www.real.edu.ee\/ajaveeb\/arh136b\/files\/2011\/10\/IMG_8098.jpg'><img loading=\"lazy\" decoding=\"async\" width=\"150\" height=\"150\" src=\"https:\/\/www.real.edu.ee\/ajaveeb\/arh136b\/files\/2011\/10\/IMG_8098-150x150.jpg\" class=\"attachment-thumbnail size-thumbnail\" alt=\"\" \/><\/a>\n\t\t\t<\/dt><\/dl><dl class='gallery-item'>\n\t\t\t<dt class='gallery-icon landscape'>\n\t\t\t\t<a href='https:\/\/www.real.edu.ee\/ajaveeb\/arh136b\/files\/2011\/10\/IMG_8100.jpg'><img loading=\"lazy\" decoding=\"async\" width=\"150\" height=\"150\" src=\"https:\/\/www.real.edu.ee\/ajaveeb\/arh136b\/files\/2011\/10\/IMG_8100-150x150.jpg\" class=\"attachment-thumbnail size-thumbnail\" alt=\"\" \/><\/a>\n\t\t\t<\/dt><\/dl><br style=\"clear: both\" \/>\n\t\t<\/div>\n<br \/>\n<\/strong><\/p>\n","protected":false},"excerpt":{"rendered":"<p>Kolmandate klasside korraldatud s\u00fcgislaat toimus s\u00fcgise s\u00fcnnip\u00e4eval, 23. septembril. S\u00fcgis pidutses t\u00e4ies v\u00e4es! Vihma ja p\u00e4ikest jagus nii rohkelt, et otsustasime laada viia aulasse varjule. Ja mida k\u00f5ike sellel pakuti&#8230;k\u00fcpsetisi, meisterdusi, jooke, hoidiseid- ja k\u00f5ik s\u00fcgisega seotud! Laat m\u00f6\u00f6dus\u00a0 rahvarohkelt ja rahule j\u00e4id nii ostjad kui m\u00fc\u00fcjad. Klassirahasse kogunes veerand iga m\u00fc\u00fcja sissetulekust ja klassi [&hellip;]<\/p>\n","protected":false},"author":1,"featured_media":0,"comment_status":"open","ping_status":"open","sticky":false,"template":"","format":"standard","meta":{"footnotes":""},"categories":[4],"tags":[],"class_list":["post-1075","post","type-post","status-publish","format-standard","hentry","category-3-b"],"_links":{"self":[{"href":"https:\/\/www.real.edu.ee\/ajaveeb\/arh136b\/wp-json\/wp\/v2\/posts\/1075","targetHints":{"allow":["GET"]}}],"collection":[{"href":"https:\/\/www.real.edu.ee\/ajaveeb\/arh136b\/wp-json\/wp\/v2\/posts"}],"about":[{"href":"https:\/\/www.real.edu.ee\/ajaveeb\/arh136b\/wp-json\/wp\/v2\/types\/post"}],"author":[{"embeddable":true,"href":"https:\/\/www.real.edu.ee\/ajaveeb\/arh136b\/wp-json\/wp\/v2\/users\/1"}],"replies":[{"embeddable":true,"href":"https:\/\/www.real.edu.ee\/ajaveeb\/arh136b\/wp-json\/wp\/v2\/comments?post=1075"}],"version-history":[{"count":0,"href":"https:\/\/www.real.edu.ee\/ajaveeb\/arh136b\/wp-json\/wp\/v2\/posts\/1075\/revisions"}],"wp:attachment":[{"href":"https:\/\/www.real.edu.ee\/ajaveeb\/arh136b\/wp-json\/wp\/v2\/media?parent=1075"}],"wp:term":[{"taxonomy":"category","embeddable":true,"href":"https:\/\/www.real.edu.ee\/ajaveeb\/arh136b\/wp-json\/wp\/v2\/categories?post=1075"},{"taxonomy":"post_tag","embeddable":true,"href":"https:\/\/www.real.edu.ee\/ajaveeb\/arh136b\/wp-json\/wp\/v2\/tags?post=1075"}],"curies":[{"name":"wp","href":"https:\/\/api.w.org\/{rel}","templated":true}]}}