{"id":890,"date":"2012-02-25T15:27:18","date_gmt":"2012-02-25T12:27:18","guid":{"rendered":"http:\/\/www.real.edu.ee\/ajaveeb\/136a\/?p=890"},"modified":"2012-02-25T15:27:18","modified_gmt":"2012-02-25T12:27:18","slug":"tervitame-koiki-eesti-vabariigi-94-aastapaeval","status":"publish","type":"post","link":"https:\/\/www.real.edu.ee\/ajaveeb\/arh136a\/2012\/02\/25\/tervitame-koiki-eesti-vabariigi-94-aastapaeval\/","title":{"rendered":"Tervitame k\u00f5iki Eesti Vabariigi 94.aastap\u00e4eval"},"content":{"rendered":"<p>3.klassis on eesti iseseisvusp\u00e4ev meile t\u00e4iesti eriline, sest koostame ISE pidup\u00e4eva K\u00d5NED. Saime sellega suurep\u00e4raselt hakkama. Esinesime oma k\u00f5nedega klassi- ja koolikaaslastele, parimad sisustasid 23.veebruaril koolikaaslaste tunde1., 2., 4.-klassides ja isegi eelkooli lapsed kuulasid meid huviga. Sten ja Hanna-Maria esinesid koguni kooli erinevatel aktustel.<br \/>\nKoolitundides tegime kokkuv\u00f5tteid oma riigi pidup\u00e4eva t\u00e4histamisest ja traditsioonidest.<br \/>\n\n\t\t<style type=\"text\/css\">\n\t\t\t#gallery-1 {\n\t\t\t\tmargin: auto;\n\t\t\t}\n\t\t\t#gallery-1 .gallery-item {\n\t\t\t\tfloat: left;\n\t\t\t\tmargin-top: 10px;\n\t\t\t\ttext-align: center;\n\t\t\t\twidth: 33%;\n\t\t\t}\n\t\t\t#gallery-1 img {\n\t\t\t\tborder: 2px solid #cfcfcf;\n\t\t\t}\n\t\t\t#gallery-1 .gallery-caption {\n\t\t\t\tmargin-left: 0;\n\t\t\t}\n\t\t\t\/* see gallery_shortcode() in wp-includes\/media.php *\/\n\t\t<\/style>\n\t\t<div id='gallery-1' class='gallery galleryid-890 gallery-columns-3 gallery-size-thumbnail'><dl class='gallery-item'>\n\t\t\t<dt class='gallery-icon landscape'>\n\t\t\t\t<a href='https:\/\/www.real.edu.ee\/ajaveeb\/arh136a\/2012\/02\/25\/tervitame-koiki-eesti-vabariigi-94-aastapaeval\/dscn2310\/'><img loading=\"lazy\" decoding=\"async\" width=\"150\" height=\"150\" src=\"https:\/\/www.real.edu.ee\/ajaveeb\/arh136a\/files\/2012\/02\/DSCN2310-150x150.jpg\" class=\"attachment-thumbnail size-thumbnail\" alt=\"\" \/><\/a>\n\t\t\t<\/dt><\/dl><dl class='gallery-item'>\n\t\t\t<dt class='gallery-icon landscape'>\n\t\t\t\t<a href='https:\/\/www.real.edu.ee\/ajaveeb\/arh136a\/2012\/02\/25\/tervitame-koiki-eesti-vabariigi-94-aastapaeval\/dscn2304\/'><img loading=\"lazy\" decoding=\"async\" width=\"150\" height=\"150\" src=\"https:\/\/www.real.edu.ee\/ajaveeb\/arh136a\/files\/2012\/02\/DSCN2304-150x150.jpg\" class=\"attachment-thumbnail size-thumbnail\" alt=\"\" \/><\/a>\n\t\t\t<\/dt><\/dl><dl class='gallery-item'>\n\t\t\t<dt class='gallery-icon landscape'>\n\t\t\t\t<a href='https:\/\/www.real.edu.ee\/ajaveeb\/arh136a\/2012\/02\/25\/tervitame-koiki-eesti-vabariigi-94-aastapaeval\/dscn2306\/'><img loading=\"lazy\" decoding=\"async\" width=\"150\" height=\"150\" src=\"https:\/\/www.real.edu.ee\/ajaveeb\/arh136a\/files\/2012\/02\/DSCN2306-150x150.jpg\" class=\"attachment-thumbnail size-thumbnail\" alt=\"\" \/><\/a>\n\t\t\t<\/dt><\/dl><br style=\"clear: both\" \/><dl class='gallery-item'>\n\t\t\t<dt class='gallery-icon landscape'>\n\t\t\t\t<a href='https:\/\/www.real.edu.ee\/ajaveeb\/arh136a\/2012\/02\/25\/tervitame-koiki-eesti-vabariigi-94-aastapaeval\/dscn2307\/'><img loading=\"lazy\" decoding=\"async\" width=\"150\" height=\"150\" src=\"https:\/\/www.real.edu.ee\/ajaveeb\/arh136a\/files\/2012\/02\/DSCN2307-150x150.jpg\" class=\"attachment-thumbnail size-thumbnail\" alt=\"\" \/><\/a>\n\t\t\t<\/dt><\/dl><dl class='gallery-item'>\n\t\t\t<dt class='gallery-icon landscape'>\n\t\t\t\t<a href='https:\/\/www.real.edu.ee\/ajaveeb\/arh136a\/2012\/02\/25\/tervitame-koiki-eesti-vabariigi-94-aastapaeval\/dscn2308\/'><img loading=\"lazy\" decoding=\"async\" width=\"150\" height=\"150\" src=\"https:\/\/www.real.edu.ee\/ajaveeb\/arh136a\/files\/2012\/02\/DSCN2308-150x150.jpg\" class=\"attachment-thumbnail size-thumbnail\" alt=\"\" \/><\/a>\n\t\t\t<\/dt><\/dl><dl class='gallery-item'>\n\t\t\t<dt class='gallery-icon landscape'>\n\t\t\t\t<a href='https:\/\/www.real.edu.ee\/ajaveeb\/arh136a\/2012\/02\/25\/tervitame-koiki-eesti-vabariigi-94-aastapaeval\/dscn2309\/'><img loading=\"lazy\" decoding=\"async\" width=\"150\" height=\"150\" src=\"https:\/\/www.real.edu.ee\/ajaveeb\/arh136a\/files\/2012\/02\/DSCN2309-150x150.jpg\" class=\"attachment-thumbnail size-thumbnail\" alt=\"\" \/><\/a>\n\t\t\t<\/dt><\/dl><br style=\"clear: both\" \/>\n\t\t<\/div>\n<\/p>\n","protected":false},"excerpt":{"rendered":"<p>3.klassis on eesti iseseisvusp\u00e4ev meile t\u00e4iesti eriline, sest koostame ISE pidup\u00e4eva K\u00d5NED. Saime sellega suurep\u00e4raselt hakkama. Esinesime oma k\u00f5nedega klassi- ja koolikaaslastele, parimad sisustasid 23.veebruaril koolikaaslaste tunde1., 2., 4.-klassides ja isegi eelkooli lapsed kuulasid meid huviga. Sten ja Hanna-Maria esinesid koguni kooli erinevatel aktustel. Koolitundides tegime kokkuv\u00f5tteid oma riigi pidup\u00e4eva t\u00e4histamisest ja traditsioonidest.<\/p>\n","protected":false},"author":1,"featured_media":0,"comment_status":"open","ping_status":"open","sticky":false,"template":"","format":"standard","meta":{"footnotes":""},"categories":[1],"tags":[],"class_list":["post-890","post","type-post","status-publish","format-standard","hentry","category-maaratlemata"],"_links":{"self":[{"href":"https:\/\/www.real.edu.ee\/ajaveeb\/arh136a\/wp-json\/wp\/v2\/posts\/890","targetHints":{"allow":["GET"]}}],"collection":[{"href":"https:\/\/www.real.edu.ee\/ajaveeb\/arh136a\/wp-json\/wp\/v2\/posts"}],"about":[{"href":"https:\/\/www.real.edu.ee\/ajaveeb\/arh136a\/wp-json\/wp\/v2\/types\/post"}],"author":[{"embeddable":true,"href":"https:\/\/www.real.edu.ee\/ajaveeb\/arh136a\/wp-json\/wp\/v2\/users\/1"}],"replies":[{"embeddable":true,"href":"https:\/\/www.real.edu.ee\/ajaveeb\/arh136a\/wp-json\/wp\/v2\/comments?post=890"}],"version-history":[{"count":0,"href":"https:\/\/www.real.edu.ee\/ajaveeb\/arh136a\/wp-json\/wp\/v2\/posts\/890\/revisions"}],"wp:attachment":[{"href":"https:\/\/www.real.edu.ee\/ajaveeb\/arh136a\/wp-json\/wp\/v2\/media?parent=890"}],"wp:term":[{"taxonomy":"category","embeddable":true,"href":"https:\/\/www.real.edu.ee\/ajaveeb\/arh136a\/wp-json\/wp\/v2\/categories?post=890"},{"taxonomy":"post_tag","embeddable":true,"href":"https:\/\/www.real.edu.ee\/ajaveeb\/arh136a\/wp-json\/wp\/v2\/tags?post=890"}],"curies":[{"name":"wp","href":"https:\/\/api.w.org\/{rel}","templated":true}]}}