{"id":774,"date":"2012-01-24T10:14:49","date_gmt":"2012-01-24T07:14:49","guid":{"rendered":"http:\/\/www.real.edu.ee\/ajaveeb\/136a\/?p=774"},"modified":"2012-01-24T10:14:49","modified_gmt":"2012-01-24T07:14:49","slug":"jalle-voib-soovida-head-uut-aastat-miks","status":"publish","type":"post","link":"https:\/\/www.real.edu.ee\/ajaveeb\/arh136a\/2012\/01\/24\/jalle-voib-soovida-head-uut-aastat-miks\/","title":{"rendered":"J\u00e4lle v\u00f5ib soovida HEAD UUT&#8230; AASTAT! MIKS?"},"content":{"rendered":"<p>\n\t\t<style type=\"text\/css\">\n\t\t\t#gallery-1 {\n\t\t\t\tmargin: auto;\n\t\t\t}\n\t\t\t#gallery-1 .gallery-item {\n\t\t\t\tfloat: left;\n\t\t\t\tmargin-top: 10px;\n\t\t\t\ttext-align: center;\n\t\t\t\twidth: 33%;\n\t\t\t}\n\t\t\t#gallery-1 img {\n\t\t\t\tborder: 2px solid #cfcfcf;\n\t\t\t}\n\t\t\t#gallery-1 .gallery-caption {\n\t\t\t\tmargin-left: 0;\n\t\t\t}\n\t\t\t\/* see gallery_shortcode() in wp-includes\/media.php *\/\n\t\t<\/style>\n\t\t<div id='gallery-1' class='gallery galleryid-774 gallery-columns-3 gallery-size-thumbnail'><dl class='gallery-item'>\n\t\t\t<dt class='gallery-icon landscape'>\n\t\t\t\t<a href='https:\/\/www.real.edu.ee\/ajaveeb\/arh136a\/2012\/01\/24\/jalle-voib-soovida-head-uut-aastat-miks\/dscn2209\/'><img loading=\"lazy\" decoding=\"async\" width=\"150\" height=\"150\" src=\"https:\/\/www.real.edu.ee\/ajaveeb\/arh136a\/files\/2012\/01\/DSCN2209-150x150.jpg\" class=\"attachment-thumbnail size-thumbnail\" alt=\"\" \/><\/a>\n\t\t\t<\/dt><\/dl><dl class='gallery-item'>\n\t\t\t<dt class='gallery-icon landscape'>\n\t\t\t\t<a href='https:\/\/www.real.edu.ee\/ajaveeb\/arh136a\/2012\/01\/24\/jalle-voib-soovida-head-uut-aastat-miks\/dscn2211\/'><img loading=\"lazy\" decoding=\"async\" width=\"150\" height=\"150\" src=\"https:\/\/www.real.edu.ee\/ajaveeb\/arh136a\/files\/2012\/01\/DSCN2211-150x150.jpg\" class=\"attachment-thumbnail size-thumbnail\" alt=\"\" \/><\/a>\n\t\t\t<\/dt><\/dl><dl class='gallery-item'>\n\t\t\t<dt class='gallery-icon landscape'>\n\t\t\t\t<a href='https:\/\/www.real.edu.ee\/ajaveeb\/arh136a\/2012\/01\/24\/jalle-voib-soovida-head-uut-aastat-miks\/dscn2212\/'><img loading=\"lazy\" decoding=\"async\" width=\"150\" height=\"150\" src=\"https:\/\/www.real.edu.ee\/ajaveeb\/arh136a\/files\/2012\/01\/DSCN2212-150x150.jpg\" class=\"attachment-thumbnail size-thumbnail\" alt=\"\" \/><\/a>\n\t\t\t<\/dt><\/dl><br style=\"clear: both\" \/><dl class='gallery-item'>\n\t\t\t<dt class='gallery-icon landscape'>\n\t\t\t\t<a href='https:\/\/www.real.edu.ee\/ajaveeb\/arh136a\/2012\/01\/24\/jalle-voib-soovida-head-uut-aastat-miks\/dscn2213\/'><img loading=\"lazy\" decoding=\"async\" width=\"150\" height=\"150\" src=\"https:\/\/www.real.edu.ee\/ajaveeb\/arh136a\/files\/2012\/01\/DSCN2213-150x150.jpg\" class=\"attachment-thumbnail size-thumbnail\" alt=\"\" \/><\/a>\n\t\t\t<\/dt><\/dl><dl class='gallery-item'>\n\t\t\t<dt class='gallery-icon landscape'>\n\t\t\t\t<a href='https:\/\/www.real.edu.ee\/ajaveeb\/arh136a\/2012\/01\/24\/jalle-voib-soovida-head-uut-aastat-miks\/dscn2214\/'><img loading=\"lazy\" decoding=\"async\" width=\"150\" height=\"150\" src=\"https:\/\/www.real.edu.ee\/ajaveeb\/arh136a\/files\/2012\/01\/DSCN2214-150x150.jpg\" class=\"attachment-thumbnail size-thumbnail\" alt=\"\" \/><\/a>\n\t\t\t<\/dt><\/dl><dl class='gallery-item'>\n\t\t\t<dt class='gallery-icon landscape'>\n\t\t\t\t<a href='https:\/\/www.real.edu.ee\/ajaveeb\/arh136a\/2012\/01\/24\/jalle-voib-soovida-head-uut-aastat-miks\/dscn2220\/'><img loading=\"lazy\" decoding=\"async\" width=\"150\" height=\"150\" src=\"https:\/\/www.real.edu.ee\/ajaveeb\/arh136a\/files\/2012\/01\/DSCN2220-150x150.jpg\" class=\"attachment-thumbnail size-thumbnail\" alt=\"\" \/><\/a>\n\t\t\t<\/dt><\/dl><br style=\"clear: both\" \/>\n\t\t<\/div>\n<br \/>\nOleme k\u00fcll p\u00f5hjamaa, aga j\u00e4lgime ka idamaade kalendrit. Seep\u00e4rast soovisimegi \u00fcksteisele taas h\u00e4id soove. Loodame, et tunned \u00e4ra, mis loom meiega sellel aastal kaasas k\u00e4ib ja k\u00f5ike p\u00f5nevat aitab  toimetada.<\/p>\n","protected":false},"excerpt":{"rendered":"<p>Oleme k\u00fcll p\u00f5hjamaa, aga j\u00e4lgime ka idamaade kalendrit. Seep\u00e4rast soovisimegi \u00fcksteisele taas h\u00e4id soove. Loodame, et tunned \u00e4ra, mis loom meiega sellel aastal kaasas k\u00e4ib ja k\u00f5ike p\u00f5nevat aitab toimetada.<\/p>\n","protected":false},"author":1,"featured_media":0,"comment_status":"open","ping_status":"open","sticky":false,"template":"","format":"standard","meta":{"footnotes":""},"categories":[1],"tags":[],"class_list":["post-774","post","type-post","status-publish","format-standard","hentry","category-maaratlemata"],"_links":{"self":[{"href":"https:\/\/www.real.edu.ee\/ajaveeb\/arh136a\/wp-json\/wp\/v2\/posts\/774","targetHints":{"allow":["GET"]}}],"collection":[{"href":"https:\/\/www.real.edu.ee\/ajaveeb\/arh136a\/wp-json\/wp\/v2\/posts"}],"about":[{"href":"https:\/\/www.real.edu.ee\/ajaveeb\/arh136a\/wp-json\/wp\/v2\/types\/post"}],"author":[{"embeddable":true,"href":"https:\/\/www.real.edu.ee\/ajaveeb\/arh136a\/wp-json\/wp\/v2\/users\/1"}],"replies":[{"embeddable":true,"href":"https:\/\/www.real.edu.ee\/ajaveeb\/arh136a\/wp-json\/wp\/v2\/comments?post=774"}],"version-history":[{"count":0,"href":"https:\/\/www.real.edu.ee\/ajaveeb\/arh136a\/wp-json\/wp\/v2\/posts\/774\/revisions"}],"wp:attachment":[{"href":"https:\/\/www.real.edu.ee\/ajaveeb\/arh136a\/wp-json\/wp\/v2\/media?parent=774"}],"wp:term":[{"taxonomy":"category","embeddable":true,"href":"https:\/\/www.real.edu.ee\/ajaveeb\/arh136a\/wp-json\/wp\/v2\/categories?post=774"},{"taxonomy":"post_tag","embeddable":true,"href":"https:\/\/www.real.edu.ee\/ajaveeb\/arh136a\/wp-json\/wp\/v2\/tags?post=774"}],"curies":[{"name":"wp","href":"https:\/\/api.w.org\/{rel}","templated":true}]}}