{"id":74,"date":"2009-10-18T14:20:33","date_gmt":"2009-10-18T11:20:33","guid":{"rendered":"http:\/\/www.real.edu.ee\/ajaveeb\/136a\/?p=74"},"modified":"2009-10-18T14:20:33","modified_gmt":"2009-10-18T11:20:33","slug":"kooli-128-sunnipaev","status":"publish","type":"post","link":"https:\/\/www.real.edu.ee\/ajaveeb\/arh136a\/2009\/10\/18\/kooli-128-sunnipaev\/","title":{"rendered":"Kooli 128. s\u00fcnnip\u00e4ev"},"content":{"rendered":"<p>T\u00e4histasime 29.septembril \u00a0tavap\u00e4raselt kooli s\u00fcnnip\u00e4eva, meile oli see esimene kord. Olime selleks s\u00fcndmuseks h\u00e4sti ettevalmistunud: \u00f5ppinud selgeks kooli deviisi \u00dcKS K\u00d5IKIDE, K\u00d5IK \u00dcHE EEST, saime selgeks isegi realistide r\u00f5\u00f5muh\u00fc\u00fcde!<\/p>\n<p>Kogunesime selleks t\u00e4htsaks s\u00fcndmuseks v\u00e4ikese maja esisele platsile koos 1B, 3A ja 3b klassi \u00f5pilastega ja meie \u00f5petajatega. Meid tuli tervitama meie kooli direktor. Peale seda s\u00f5ime kringlit nagu s\u00fcnnip\u00e4evadel ikka.<\/p>\n<p><p><a href=\"http:\/\/www.slide.com\/pivot?cy=ms&amp;at=un&amp;id=3242591731743558931&amp;map=1\" target=\"_blank\"><img decoding=\"async\" src=\"http:\/\/widget-13.slide.com\/p1\/3242591731743558931\/ms_t063_v000_s0un_f00\/images\/xslide1.gif\" border=\"0\" \/><\/a> <a href=\"http:\/\/www.slide.com\/pivot?cy=ms&amp;at=un&amp;id=3242591731743558931&amp;map=2\" target=\"_blank\"><img decoding=\"async\" src=\"http:\/\/widget-13.slide.com\/p2\/3242591731743558931\/ms_t063_v000_s0un_f00\/images\/xslide2.gif\" border=\"0\" \/><\/a> <a href=\"http:\/\/www.slide.com\/pivot?cy=ms&amp;at=un&amp;id=3242591731743558931&amp;map=E\" target=\"_blank\"><img decoding=\"async\" src=\"http:\/\/widget-13.slide.com\/m\/3242591731743558931\/ms_t063_v000_s0un_f00\/images\/xslide9_1.gif\" border=\"0\" \/><\/a><\/p>\n<\/p>\n<p>Aga s\u00fcnnip\u00e4eva n\u00e4dal l\u00f5ppes hoopis huvitavalt. Arva ise \u00e4ra &#8211; MILLEGA?<\/p>\n<p><p><a href=\"http:\/\/www.slide.com\/pivot?cy=ms&amp;at=un&amp;id=3530822107895254743&amp;map=1\" target=\"_blank\"><img decoding=\"async\" src=\"http:\/\/widget-d7.slide.com\/p1\/3530822107895254743\/ms_t021_v000_s0un_f00\/images\/xslide1.gif\" border=\"0\" \/><\/a> <a href=\"http:\/\/www.slide.com\/pivot?cy=ms&amp;at=un&amp;id=3530822107895254743&amp;map=2\" target=\"_blank\"><img decoding=\"async\" src=\"http:\/\/widget-d7.slide.com\/p2\/3530822107895254743\/ms_t021_v000_s0un_f00\/images\/xslide2.gif\" border=\"0\" \/><\/a> <a href=\"http:\/\/www.slide.com\/pivot?cy=ms&amp;at=un&amp;id=3530822107895254743&amp;map=E\" target=\"_blank\"><img decoding=\"async\" src=\"http:\/\/widget-d7.slide.com\/m\/3530822107895254743\/ms_t021_v000_s0un_f00\/images\/xslide9_1.gif\" border=\"0\" \/><\/a><\/p>\n<\/p><\/p>\n","protected":false},"excerpt":{"rendered":"<p>T\u00e4histasime 29.septembril \u00a0tavap\u00e4raselt kooli s\u00fcnnip\u00e4eva, meile oli see esimene kord. Olime selleks s\u00fcndmuseks h\u00e4sti ettevalmistunud: \u00f5ppinud selgeks kooli deviisi \u00dcKS K\u00d5IKIDE, K\u00d5IK \u00dcHE EEST, saime selgeks isegi realistide r\u00f5\u00f5muh\u00fc\u00fcde! Kogunesime selleks t\u00e4htsaks s\u00fcndmuseks v\u00e4ikese maja esisele platsile koos 1B, 3A ja 3b klassi \u00f5pilastega ja meie \u00f5petajatega. Meid tuli tervitama meie kooli direktor. Peale seda [&hellip;]<\/p>\n","protected":false},"author":1,"featured_media":0,"comment_status":"open","ping_status":"open","sticky":false,"template":"","format":"standard","meta":{"footnotes":""},"categories":[2],"tags":[],"class_list":["post-74","post","type-post","status-publish","format-standard","hentry","category-1a"],"_links":{"self":[{"href":"https:\/\/www.real.edu.ee\/ajaveeb\/arh136a\/wp-json\/wp\/v2\/posts\/74","targetHints":{"allow":["GET"]}}],"collection":[{"href":"https:\/\/www.real.edu.ee\/ajaveeb\/arh136a\/wp-json\/wp\/v2\/posts"}],"about":[{"href":"https:\/\/www.real.edu.ee\/ajaveeb\/arh136a\/wp-json\/wp\/v2\/types\/post"}],"author":[{"embeddable":true,"href":"https:\/\/www.real.edu.ee\/ajaveeb\/arh136a\/wp-json\/wp\/v2\/users\/1"}],"replies":[{"embeddable":true,"href":"https:\/\/www.real.edu.ee\/ajaveeb\/arh136a\/wp-json\/wp\/v2\/comments?post=74"}],"version-history":[{"count":0,"href":"https:\/\/www.real.edu.ee\/ajaveeb\/arh136a\/wp-json\/wp\/v2\/posts\/74\/revisions"}],"wp:attachment":[{"href":"https:\/\/www.real.edu.ee\/ajaveeb\/arh136a\/wp-json\/wp\/v2\/media?parent=74"}],"wp:term":[{"taxonomy":"category","embeddable":true,"href":"https:\/\/www.real.edu.ee\/ajaveeb\/arh136a\/wp-json\/wp\/v2\/categories?post=74"},{"taxonomy":"post_tag","embeddable":true,"href":"https:\/\/www.real.edu.ee\/ajaveeb\/arh136a\/wp-json\/wp\/v2\/tags?post=74"}],"curies":[{"name":"wp","href":"https:\/\/api.w.org\/{rel}","templated":true}]}}