{"id":69,"date":"2009-11-17T12:35:17","date_gmt":"2009-11-17T09:35:17","guid":{"rendered":"http:\/\/www.real.edu.ee\/ajaveeb\/136a\/?p=69"},"modified":"2009-11-17T12:35:17","modified_gmt":"2009-11-17T09:35:17","slug":"isadepaev-2009","status":"publish","type":"post","link":"https:\/\/www.real.edu.ee\/ajaveeb\/arh136a\/2009\/11\/17\/isadepaev-2009\/","title":{"rendered":"ISADEP\u00c4EV 2009"},"content":{"rendered":"<p>Selle aasta neljap\u00e4eval enne isadep\u00e4eva kogunesime suurde majja koos oma isade ja vanaisadega v\u00f5i koguni koos perega. Enne seda olime TERVE\u00a0 n\u00e4dala p\u00fchendanud oma kallitele isadele ja vanaisadele kirjutades, joonistades, meisterdades, laulus\u00f5nu \u00f5ppides,&#8230;.L\u00f5puks ikka j\u00f5udis see oodatud \u00f5htu k\u00e4tte. Meie klassist olid K\u00d5IK\u00a0 isad v\u00f5i teised pereliikmed esindatud ja tegevust j\u00e4tkus k\u00f5igile. Siin m\u00f5ned meenutused.<\/p>\n<p><p><a href=\"http:\/\/www.slide.com\/pivot?cy=ms&amp;at=un&amp;id=3098476543667631676&amp;map=1\" target=\"_blank\"><img decoding=\"async\" src=\"http:\/\/widget-3c.slide.com\/p1\/3098476543667631676\/ms_t048_v000_s0un_f00\/images\/xslide1.gif\" border=\"0\" alt=\"\" \/><\/a> <a href=\"http:\/\/www.slide.com\/pivot?cy=ms&amp;at=un&amp;id=3098476543667631676&amp;map=2\" target=\"_blank\"><img decoding=\"async\" src=\"http:\/\/widget-3c.slide.com\/p2\/3098476543667631676\/ms_t048_v000_s0un_f00\/images\/xslide2.gif\" border=\"0\" alt=\"\" \/><\/a> <a href=\"http:\/\/www.slide.com\/pivot?cy=ms&amp;at=un&amp;id=3098476543667631676&amp;map=E\" target=\"_blank\"><img decoding=\"async\" src=\"http:\/\/widget-3c.slide.com\/m\/3098476543667631676\/ms_t048_v000_s0un_f00\/images\/xslide9_1.gif\" border=\"0\" alt=\"\" \/><\/a><\/p>\n","protected":false},"excerpt":{"rendered":"<p>Selle aasta neljap\u00e4eval enne isadep\u00e4eva kogunesime suurde majja koos oma isade ja vanaisadega v\u00f5i koguni koos perega. Enne seda olime TERVE\u00a0 n\u00e4dala p\u00fchendanud oma kallitele isadele ja vanaisadele kirjutades, joonistades, meisterdades, laulus\u00f5nu \u00f5ppides,&#8230;.L\u00f5puks ikka j\u00f5udis see oodatud \u00f5htu k\u00e4tte. Meie klassist olid K\u00d5IK\u00a0 isad v\u00f5i teised pereliikmed esindatud ja tegevust j\u00e4tkus k\u00f5igile. Siin m\u00f5ned meenutused.<\/p>\n","protected":false},"author":1,"featured_media":0,"comment_status":"open","ping_status":"open","sticky":false,"template":"","format":"standard","meta":{"footnotes":""},"categories":[2],"tags":[],"class_list":["post-69","post","type-post","status-publish","format-standard","hentry","category-1a"],"_links":{"self":[{"href":"https:\/\/www.real.edu.ee\/ajaveeb\/arh136a\/wp-json\/wp\/v2\/posts\/69","targetHints":{"allow":["GET"]}}],"collection":[{"href":"https:\/\/www.real.edu.ee\/ajaveeb\/arh136a\/wp-json\/wp\/v2\/posts"}],"about":[{"href":"https:\/\/www.real.edu.ee\/ajaveeb\/arh136a\/wp-json\/wp\/v2\/types\/post"}],"author":[{"embeddable":true,"href":"https:\/\/www.real.edu.ee\/ajaveeb\/arh136a\/wp-json\/wp\/v2\/users\/1"}],"replies":[{"embeddable":true,"href":"https:\/\/www.real.edu.ee\/ajaveeb\/arh136a\/wp-json\/wp\/v2\/comments?post=69"}],"version-history":[{"count":0,"href":"https:\/\/www.real.edu.ee\/ajaveeb\/arh136a\/wp-json\/wp\/v2\/posts\/69\/revisions"}],"wp:attachment":[{"href":"https:\/\/www.real.edu.ee\/ajaveeb\/arh136a\/wp-json\/wp\/v2\/media?parent=69"}],"wp:term":[{"taxonomy":"category","embeddable":true,"href":"https:\/\/www.real.edu.ee\/ajaveeb\/arh136a\/wp-json\/wp\/v2\/categories?post=69"},{"taxonomy":"post_tag","embeddable":true,"href":"https:\/\/www.real.edu.ee\/ajaveeb\/arh136a\/wp-json\/wp\/v2\/tags?post=69"}],"curies":[{"name":"wp","href":"https:\/\/api.w.org\/{rel}","templated":true}]}}