{"id":644,"date":"2011-11-11T18:11:19","date_gmt":"2011-11-11T15:11:19","guid":{"rendered":"http:\/\/www.real.edu.ee\/ajaveeb\/136a\/?p=644"},"modified":"2011-11-11T18:11:19","modified_gmt":"2011-11-11T15:11:19","slug":"sportlik-isadepaev","status":"publish","type":"post","link":"https:\/\/www.real.edu.ee\/ajaveeb\/arh136a\/2011\/11\/11\/sportlik-isadepaev\/","title":{"rendered":"Sportlik isadep\u00e4ev"},"content":{"rendered":"<p>Sel aastal otsustasime koos b-klassiga isadega hoopis sportima hakata.<br \/>\nIsad olid tublid ja v\u00f5tsid sportlikku tegevust t\u00f5siselt, vahest ehk liigagi t\u00f5siselt, sest nagu spordis ikka oli ka ~haavatuid~.<br \/>\nLustimist j\u00e4tkus k\u00f5igile k\u00fcll pallim\u00e4ngus ja teatev\u00f5istlustel. V\u00e4ga tublid olid meie kehalise kasvatuse \u00f5petajad Rait ja Katrin, kes olid nii p\u00f5nevaid ja lustakaid v\u00f5istlusi meie jaoks ette valmistanud.<br \/>\nTeil v\u00f5ib tekkida k\u00fcsimus, et kes siis v\u00f5itis&#8230; NO MUIDUGI SPORT ja hea tuju!!<br \/>\n\n\t\t<style type=\"text\/css\">\n\t\t\t#gallery-1 {\n\t\t\t\tmargin: auto;\n\t\t\t}\n\t\t\t#gallery-1 .gallery-item {\n\t\t\t\tfloat: left;\n\t\t\t\tmargin-top: 10px;\n\t\t\t\ttext-align: center;\n\t\t\t\twidth: 33%;\n\t\t\t}\n\t\t\t#gallery-1 img {\n\t\t\t\tborder: 2px solid #cfcfcf;\n\t\t\t}\n\t\t\t#gallery-1 .gallery-caption {\n\t\t\t\tmargin-left: 0;\n\t\t\t}\n\t\t\t\/* see gallery_shortcode() in wp-includes\/media.php *\/\n\t\t<\/style>\n\t\t<div id='gallery-1' class='gallery galleryid-644 gallery-columns-3 gallery-size-thumbnail'><dl class='gallery-item'>\n\t\t\t<dt class='gallery-icon landscape'>\n\t\t\t\t<a href='https:\/\/www.real.edu.ee\/ajaveeb\/arh136a\/2011\/11\/11\/sportlik-isadepaev\/dscn1996\/'><img loading=\"lazy\" decoding=\"async\" width=\"150\" height=\"150\" src=\"https:\/\/www.real.edu.ee\/ajaveeb\/arh136a\/files\/2011\/11\/DSCN1996-150x150.jpg\" class=\"attachment-thumbnail size-thumbnail\" alt=\"\" \/><\/a>\n\t\t\t<\/dt><\/dl><dl class='gallery-item'>\n\t\t\t<dt class='gallery-icon landscape'>\n\t\t\t\t<a href='https:\/\/www.real.edu.ee\/ajaveeb\/arh136a\/2011\/11\/11\/sportlik-isadepaev\/dscn1998\/'><img loading=\"lazy\" decoding=\"async\" width=\"150\" height=\"150\" src=\"https:\/\/www.real.edu.ee\/ajaveeb\/arh136a\/files\/2011\/11\/DSCN1998-150x150.jpg\" class=\"attachment-thumbnail size-thumbnail\" alt=\"\" \/><\/a>\n\t\t\t<\/dt><\/dl><dl class='gallery-item'>\n\t\t\t<dt class='gallery-icon landscape'>\n\t\t\t\t<a href='https:\/\/www.real.edu.ee\/ajaveeb\/arh136a\/2011\/11\/11\/sportlik-isadepaev\/dscn2002\/'><img loading=\"lazy\" decoding=\"async\" width=\"150\" height=\"150\" src=\"https:\/\/www.real.edu.ee\/ajaveeb\/arh136a\/files\/2011\/11\/DSCN2002-150x150.jpg\" class=\"attachment-thumbnail size-thumbnail\" alt=\"\" \/><\/a>\n\t\t\t<\/dt><\/dl><br style=\"clear: both\" \/><dl class='gallery-item'>\n\t\t\t<dt class='gallery-icon landscape'>\n\t\t\t\t<a href='https:\/\/www.real.edu.ee\/ajaveeb\/arh136a\/2011\/11\/11\/sportlik-isadepaev\/dscn2005\/'><img loading=\"lazy\" decoding=\"async\" width=\"150\" height=\"150\" src=\"https:\/\/www.real.edu.ee\/ajaveeb\/arh136a\/files\/2011\/11\/DSCN2005-150x150.jpg\" class=\"attachment-thumbnail size-thumbnail\" alt=\"\" \/><\/a>\n\t\t\t<\/dt><\/dl><dl class='gallery-item'>\n\t\t\t<dt class='gallery-icon landscape'>\n\t\t\t\t<a href='https:\/\/www.real.edu.ee\/ajaveeb\/arh136a\/2011\/11\/11\/sportlik-isadepaev\/dscn2006\/'><img loading=\"lazy\" decoding=\"async\" width=\"150\" height=\"150\" src=\"https:\/\/www.real.edu.ee\/ajaveeb\/arh136a\/files\/2011\/11\/DSCN2006-150x150.jpg\" class=\"attachment-thumbnail size-thumbnail\" alt=\"\" \/><\/a>\n\t\t\t<\/dt><\/dl>\n\t\t\t<br style='clear: both' \/>\n\t\t<\/div>\n<\/p>\n","protected":false},"excerpt":{"rendered":"<p>Sel aastal otsustasime koos b-klassiga isadega hoopis sportima hakata. Isad olid tublid ja v\u00f5tsid sportlikku tegevust t\u00f5siselt, vahest ehk liigagi t\u00f5siselt, sest nagu spordis ikka oli ka ~haavatuid~. Lustimist j\u00e4tkus k\u00f5igile k\u00fcll pallim\u00e4ngus ja teatev\u00f5istlustel. V\u00e4ga tublid olid meie kehalise kasvatuse \u00f5petajad Rait ja Katrin, kes olid nii p\u00f5nevaid ja lustakaid v\u00f5istlusi meie jaoks ette [&hellip;]<\/p>\n","protected":false},"author":1,"featured_media":0,"comment_status":"open","ping_status":"open","sticky":false,"template":"","format":"standard","meta":{"footnotes":""},"categories":[1],"tags":[],"class_list":["post-644","post","type-post","status-publish","format-standard","hentry","category-maaratlemata"],"_links":{"self":[{"href":"https:\/\/www.real.edu.ee\/ajaveeb\/arh136a\/wp-json\/wp\/v2\/posts\/644","targetHints":{"allow":["GET"]}}],"collection":[{"href":"https:\/\/www.real.edu.ee\/ajaveeb\/arh136a\/wp-json\/wp\/v2\/posts"}],"about":[{"href":"https:\/\/www.real.edu.ee\/ajaveeb\/arh136a\/wp-json\/wp\/v2\/types\/post"}],"author":[{"embeddable":true,"href":"https:\/\/www.real.edu.ee\/ajaveeb\/arh136a\/wp-json\/wp\/v2\/users\/1"}],"replies":[{"embeddable":true,"href":"https:\/\/www.real.edu.ee\/ajaveeb\/arh136a\/wp-json\/wp\/v2\/comments?post=644"}],"version-history":[{"count":0,"href":"https:\/\/www.real.edu.ee\/ajaveeb\/arh136a\/wp-json\/wp\/v2\/posts\/644\/revisions"}],"wp:attachment":[{"href":"https:\/\/www.real.edu.ee\/ajaveeb\/arh136a\/wp-json\/wp\/v2\/media?parent=644"}],"wp:term":[{"taxonomy":"category","embeddable":true,"href":"https:\/\/www.real.edu.ee\/ajaveeb\/arh136a\/wp-json\/wp\/v2\/categories?post=644"},{"taxonomy":"post_tag","embeddable":true,"href":"https:\/\/www.real.edu.ee\/ajaveeb\/arh136a\/wp-json\/wp\/v2\/tags?post=644"}],"curies":[{"name":"wp","href":"https:\/\/api.w.org\/{rel}","templated":true}]}}