{"id":587,"date":"2011-10-03T10:06:17","date_gmt":"2011-10-03T07:06:17","guid":{"rendered":"http:\/\/www.real.edu.ee\/ajaveeb\/136a\/?p=587"},"modified":"2011-10-03T10:06:17","modified_gmt":"2011-10-03T07:06:17","slug":"tahistasime-kooli-130-juubelit-perepaevaga","status":"publish","type":"post","link":"https:\/\/www.real.edu.ee\/ajaveeb\/arh136a\/2011\/10\/03\/tahistasime-kooli-130-juubelit-perepaevaga\/","title":{"rendered":"T\u00e4histasime kooli 130.juubelit PEREP\u00c4EVAGA"},"content":{"rendered":"<p>\n\t\t<style type=\"text\/css\">\n\t\t\t#gallery-1 {\n\t\t\t\tmargin: auto;\n\t\t\t}\n\t\t\t#gallery-1 .gallery-item {\n\t\t\t\tfloat: left;\n\t\t\t\tmargin-top: 10px;\n\t\t\t\ttext-align: center;\n\t\t\t\twidth: 33%;\n\t\t\t}\n\t\t\t#gallery-1 img {\n\t\t\t\tborder: 2px solid #cfcfcf;\n\t\t\t}\n\t\t\t#gallery-1 .gallery-caption {\n\t\t\t\tmargin-left: 0;\n\t\t\t}\n\t\t\t\/* see gallery_shortcode() in wp-includes\/media.php *\/\n\t\t<\/style>\n\t\t<div id='gallery-1' class='gallery galleryid-587 gallery-columns-3 gallery-size-thumbnail'><dl class='gallery-item'>\n\t\t\t<dt class='gallery-icon landscape'>\n\t\t\t\t<a href='https:\/\/www.real.edu.ee\/ajaveeb\/arh136a\/2011\/10\/03\/tahistasime-kooli-130-juubelit-perepaevaga\/dscn1962\/'><img loading=\"lazy\" decoding=\"async\" width=\"150\" height=\"150\" src=\"https:\/\/www.real.edu.ee\/ajaveeb\/arh136a\/files\/2011\/10\/DSCN1962-150x150.jpg\" class=\"attachment-thumbnail size-thumbnail\" alt=\"\" \/><\/a>\n\t\t\t<\/dt><\/dl><dl class='gallery-item'>\n\t\t\t<dt class='gallery-icon landscape'>\n\t\t\t\t<a href='https:\/\/www.real.edu.ee\/ajaveeb\/arh136a\/2011\/10\/03\/tahistasime-kooli-130-juubelit-perepaevaga\/dscn1964\/'><img loading=\"lazy\" decoding=\"async\" width=\"150\" height=\"150\" src=\"https:\/\/www.real.edu.ee\/ajaveeb\/arh136a\/files\/2011\/10\/DSCN1964-150x150.jpg\" class=\"attachment-thumbnail size-thumbnail\" alt=\"\" \/><\/a>\n\t\t\t<\/dt><\/dl><dl class='gallery-item'>\n\t\t\t<dt class='gallery-icon landscape'>\n\t\t\t\t<a href='https:\/\/www.real.edu.ee\/ajaveeb\/arh136a\/2011\/10\/03\/tahistasime-kooli-130-juubelit-perepaevaga\/dscn1966\/'><img loading=\"lazy\" decoding=\"async\" width=\"150\" height=\"150\" src=\"https:\/\/www.real.edu.ee\/ajaveeb\/arh136a\/files\/2011\/10\/DSCN1966-150x150.jpg\" class=\"attachment-thumbnail size-thumbnail\" alt=\"\" \/><\/a>\n\t\t\t<\/dt><\/dl><br style=\"clear: both\" \/><dl class='gallery-item'>\n\t\t\t<dt class='gallery-icon landscape'>\n\t\t\t\t<a href='https:\/\/www.real.edu.ee\/ajaveeb\/arh136a\/2011\/10\/03\/tahistasime-kooli-130-juubelit-perepaevaga\/dscn1967\/'><img loading=\"lazy\" decoding=\"async\" width=\"150\" height=\"150\" src=\"https:\/\/www.real.edu.ee\/ajaveeb\/arh136a\/files\/2011\/10\/DSCN1967-150x150.jpg\" class=\"attachment-thumbnail size-thumbnail\" alt=\"\" \/><\/a>\n\t\t\t<\/dt><\/dl><dl class='gallery-item'>\n\t\t\t<dt class='gallery-icon landscape'>\n\t\t\t\t<a href='https:\/\/www.real.edu.ee\/ajaveeb\/arh136a\/2011\/10\/03\/tahistasime-kooli-130-juubelit-perepaevaga\/dscn1968\/'><img loading=\"lazy\" decoding=\"async\" width=\"150\" height=\"150\" src=\"https:\/\/www.real.edu.ee\/ajaveeb\/arh136a\/files\/2011\/10\/DSCN1968-150x150.jpg\" class=\"attachment-thumbnail size-thumbnail\" alt=\"\" \/><\/a>\n\t\t\t<\/dt><\/dl>\n\t\t\t<br style='clear: both' \/>\n\t\t<\/div>\nEsmasp\u00e4eval, 3.oktoobril j\u00e4tkasime kooli juubeli t\u00e4histamist meie koolimajas, aga seekord koos oma peredega.<br \/>\nAlustasime v\u00e4ikese kontserdiga ja seej\u00e4rel k\u00fclastasime k\u00f5iki t\u00f6\u00f6tube ja muid p\u00f5nevaid paiku, mis selleks \u00f5htuks Suures majas olid meie p\u00e4ralt.<br \/>\nTegevust j\u00e4tkus k\u00f5igile &#8211; suurtele ja v\u00e4ikestele.<br \/>\nPerep\u00e4evaga j\u00e4id k\u00f5ik rahule.<\/p>\n","protected":false},"excerpt":{"rendered":"<p>Esmasp\u00e4eval, 3.oktoobril j\u00e4tkasime kooli juubeli t\u00e4histamist meie koolimajas, aga seekord koos oma peredega. Alustasime v\u00e4ikese kontserdiga ja seej\u00e4rel k\u00fclastasime k\u00f5iki t\u00f6\u00f6tube ja muid p\u00f5nevaid paiku, mis selleks \u00f5htuks Suures majas olid meie p\u00e4ralt. Tegevust j\u00e4tkus k\u00f5igile &#8211; suurtele ja v\u00e4ikestele. Perep\u00e4evaga j\u00e4id k\u00f5ik rahule.<\/p>\n","protected":false},"author":1,"featured_media":0,"comment_status":"open","ping_status":"open","sticky":false,"template":"","format":"standard","meta":{"footnotes":""},"categories":[1],"tags":[],"class_list":["post-587","post","type-post","status-publish","format-standard","hentry","category-maaratlemata"],"_links":{"self":[{"href":"https:\/\/www.real.edu.ee\/ajaveeb\/arh136a\/wp-json\/wp\/v2\/posts\/587","targetHints":{"allow":["GET"]}}],"collection":[{"href":"https:\/\/www.real.edu.ee\/ajaveeb\/arh136a\/wp-json\/wp\/v2\/posts"}],"about":[{"href":"https:\/\/www.real.edu.ee\/ajaveeb\/arh136a\/wp-json\/wp\/v2\/types\/post"}],"author":[{"embeddable":true,"href":"https:\/\/www.real.edu.ee\/ajaveeb\/arh136a\/wp-json\/wp\/v2\/users\/1"}],"replies":[{"embeddable":true,"href":"https:\/\/www.real.edu.ee\/ajaveeb\/arh136a\/wp-json\/wp\/v2\/comments?post=587"}],"version-history":[{"count":0,"href":"https:\/\/www.real.edu.ee\/ajaveeb\/arh136a\/wp-json\/wp\/v2\/posts\/587\/revisions"}],"wp:attachment":[{"href":"https:\/\/www.real.edu.ee\/ajaveeb\/arh136a\/wp-json\/wp\/v2\/media?parent=587"}],"wp:term":[{"taxonomy":"category","embeddable":true,"href":"https:\/\/www.real.edu.ee\/ajaveeb\/arh136a\/wp-json\/wp\/v2\/categories?post=587"},{"taxonomy":"post_tag","embeddable":true,"href":"https:\/\/www.real.edu.ee\/ajaveeb\/arh136a\/wp-json\/wp\/v2\/tags?post=587"}],"curies":[{"name":"wp","href":"https:\/\/api.w.org\/{rel}","templated":true}]}}