{"id":537,"date":"2011-09-05T19:37:22","date_gmt":"2011-09-05T16:37:22","guid":{"rendered":"http:\/\/www.real.edu.ee\/ajaveeb\/136a\/?p=537"},"modified":"2011-09-05T19:37:22","modified_gmt":"2011-09-05T16:37:22","slug":"kohtume-isegi-puhapaeviti","status":"publish","type":"post","link":"https:\/\/www.real.edu.ee\/ajaveeb\/arh136a\/2011\/09\/05\/kohtume-isegi-puhapaeviti\/","title":{"rendered":"Kohtume isegi p\u00fchap\u00e4eviti"},"content":{"rendered":"<p>See kooliaasta algab k\u00fcll tihedate kohtumistega. Nimelt tuli Lisli emal tore m\u00f5te &#8211; miks mitte kohtuda juba esimesel p\u00fchap\u00e4eval n\u00e4iteks JULIUSE kohvikus, veidi maiustada ja k\u00e4ia isegi koos AHHAA -keskuses n\u00e4itusel. Paaritunnine \u00fcritus l\u00e4ks igati korda. Oli huvitav ja p\u00f5nev n\u00e4itus &#8211; k\u00f5ik oli PIME&#8230;&#8230;<br \/>\nEmad-isad said m\u00f5nusalt kohvikus juttu ajada ja k\u00f5ik kohvikus oli v\u00e4ga maitsev, lisaks veel veidi m\u00fcramist m\u00e4nguv\u00e4ljakul.<br \/>\nVot selline p\u00fchap\u00e4ev oli&#8230;<\/p>\n<p><p><a href=\"http:\/\/www.slide.com\/pivot?cy=ms&amp;at=un&amp;id=1369094286749021512&amp;map=1\" target=\"_blank\"><img decoding=\"async\" src=\"http:\/\/widget-48.slide.com\/p1\/1369094286749021512\/ms_t060_v000_s0un_f00\/images\/xslide1.gif\" border=\"0\" \/><\/a> <a href=\"http:\/\/www.slide.com\/pivot?cy=ms&amp;at=un&amp;id=1369094286749021512&amp;map=2\" target=\"_blank\"><img decoding=\"async\" src=\"http:\/\/widget-48.slide.com\/p2\/1369094286749021512\/ms_t060_v000_s0un_f00\/images\/xslide2.gif\" border=\"0\" \/><\/a> <a href=\"http:\/\/www.slide.com\/pivot?cy=ms&amp;at=un&amp;id=1369094286749021512&amp;map=F\" target=\"_blank\"><img decoding=\"async\" src=\"http:\/\/widget-48.slide.com\/p4\/1369094286749021512\/ms_t060_v000_s0un_f00\/images\/xslide42.gif\" border=\"0\" \/><\/a><\/p><\/p>\n","protected":false},"excerpt":{"rendered":"<p>See kooliaasta algab k\u00fcll tihedate kohtumistega. Nimelt tuli Lisli emal tore m\u00f5te &#8211; miks mitte kohtuda juba esimesel p\u00fchap\u00e4eval n\u00e4iteks JULIUSE kohvikus, veidi maiustada ja k\u00e4ia isegi koos AHHAA -keskuses n\u00e4itusel. Paaritunnine \u00fcritus l\u00e4ks igati korda. Oli huvitav ja p\u00f5nev n\u00e4itus &#8211; k\u00f5ik oli PIME&#8230;&#8230; Emad-isad said m\u00f5nusalt kohvikus juttu ajada ja k\u00f5ik kohvikus oli [&hellip;]<\/p>\n","protected":false},"author":1,"featured_media":0,"comment_status":"open","ping_status":"open","sticky":false,"template":"","format":"standard","meta":{"footnotes":""},"categories":[1],"tags":[],"class_list":["post-537","post","type-post","status-publish","format-standard","hentry","category-maaratlemata"],"_links":{"self":[{"href":"https:\/\/www.real.edu.ee\/ajaveeb\/arh136a\/wp-json\/wp\/v2\/posts\/537","targetHints":{"allow":["GET"]}}],"collection":[{"href":"https:\/\/www.real.edu.ee\/ajaveeb\/arh136a\/wp-json\/wp\/v2\/posts"}],"about":[{"href":"https:\/\/www.real.edu.ee\/ajaveeb\/arh136a\/wp-json\/wp\/v2\/types\/post"}],"author":[{"embeddable":true,"href":"https:\/\/www.real.edu.ee\/ajaveeb\/arh136a\/wp-json\/wp\/v2\/users\/1"}],"replies":[{"embeddable":true,"href":"https:\/\/www.real.edu.ee\/ajaveeb\/arh136a\/wp-json\/wp\/v2\/comments?post=537"}],"version-history":[{"count":0,"href":"https:\/\/www.real.edu.ee\/ajaveeb\/arh136a\/wp-json\/wp\/v2\/posts\/537\/revisions"}],"wp:attachment":[{"href":"https:\/\/www.real.edu.ee\/ajaveeb\/arh136a\/wp-json\/wp\/v2\/media?parent=537"}],"wp:term":[{"taxonomy":"category","embeddable":true,"href":"https:\/\/www.real.edu.ee\/ajaveeb\/arh136a\/wp-json\/wp\/v2\/categories?post=537"},{"taxonomy":"post_tag","embeddable":true,"href":"https:\/\/www.real.edu.ee\/ajaveeb\/arh136a\/wp-json\/wp\/v2\/tags?post=537"}],"curies":[{"name":"wp","href":"https:\/\/api.w.org\/{rel}","templated":true}]}}