{"id":270,"date":"2010-09-28T17:38:21","date_gmt":"2010-09-28T14:38:21","guid":{"rendered":"http:\/\/www.real.edu.ee\/ajaveeb\/136a\/?p=270"},"modified":"2010-09-28T17:38:21","modified_gmt":"2010-09-28T14:38:21","slug":"ponev-teadlaste-oo","status":"publish","type":"post","link":"https:\/\/www.real.edu.ee\/ajaveeb\/arh136a\/2010\/09\/28\/ponev-teadlaste-oo\/","title":{"rendered":"P\u00f5nev TEADLASTE \u00d6\u00d6"},"content":{"rendered":"<p>Selle aasta <strong>Teadlste \u00f6\u00f6<\/strong>24.septembril toimus ka meie koolis. Tehti teadust mitmel moel ja paljudes ruumides Suures majas. V\u00e4ike Maja sisMullim\u00e4egaustas ka \u00fchte teadustuba ja k\u00f5ige suurem oli MEIE KLASSI ESINDUS: Lisl kuiva j\u00e4\u00e4 katsega, Liisa ja Hanna-Maria S\u00f5nakeerajaga, Mihkel miraa\u017eiga, Hans ja Linda tantsiva loomaga, Karolin p\u00f5neva lambiga, Hugo Georg ja Mattias . Huvilisi oli nii palju, et vaatamata hilisele ajale (20.00 &#8211; 22.00) mahtusid nad vaevu meie teaduse tuppa.<\/p>\n<p><p><a href=\"http:\/\/www.slide.com\/pivot?cy=ms&amp;at=un&amp;id=2161727821164194022&amp;map=1\" target=\"_blank\"><img decoding=\"async\" src=\"http:\/\/widget-e6.slide.com\/p1\/2161727821164194022\/ms_t056_v000_s0un_f00\/images\/xslide1.gif\" border=\"0\" \/><\/a> <a href=\"http:\/\/www.slide.com\/pivot?cy=ms&amp;at=un&amp;id=2161727821164194022&amp;map=2\" target=\"_blank\"><img decoding=\"async\" src=\"http:\/\/widget-e6.slide.com\/p2\/2161727821164194022\/ms_t056_v000_s0un_f00\/images\/xslide2.gif\" border=\"0\" \/><\/a> <a href=\"http:\/\/www.slide.com\/pivot?cy=ms&amp;at=un&amp;id=2161727821164194022&amp;map=F\" target=\"_blank\"><img decoding=\"async\" src=\"http:\/\/widget-e6.slide.com\/p4\/2161727821164194022\/ms_t056_v000_s0un_f00\/images\/xslide42.gif\" border=\"0\" \/><\/a><\/p>\n<\/p>\n<p> K\u00f5igile osalejatele meeldis teadlaste \u00f5\u00f5 v\u00e4ga! <\/p>\n","protected":false},"excerpt":{"rendered":"<p>Selle aasta Teadlste \u00f6\u00f624.septembril toimus ka meie koolis. Tehti teadust mitmel moel ja paljudes ruumides Suures majas. V\u00e4ike Maja sisMullim\u00e4egaustas ka \u00fchte teadustuba ja k\u00f5ige suurem oli MEIE KLASSI ESINDUS: Lisl kuiva j\u00e4\u00e4 katsega, Liisa ja Hanna-Maria S\u00f5nakeerajaga, Mihkel miraa\u017eiga, Hans ja Linda tantsiva loomaga, Karolin p\u00f5neva lambiga, Hugo Georg ja Mattias . Huvilisi oli [&hellip;]<\/p>\n","protected":false},"author":1,"featured_media":0,"comment_status":"open","ping_status":"open","sticky":false,"template":"","format":"standard","meta":{"footnotes":""},"categories":[1],"tags":[],"class_list":["post-270","post","type-post","status-publish","format-standard","hentry","category-maaratlemata"],"_links":{"self":[{"href":"https:\/\/www.real.edu.ee\/ajaveeb\/arh136a\/wp-json\/wp\/v2\/posts\/270","targetHints":{"allow":["GET"]}}],"collection":[{"href":"https:\/\/www.real.edu.ee\/ajaveeb\/arh136a\/wp-json\/wp\/v2\/posts"}],"about":[{"href":"https:\/\/www.real.edu.ee\/ajaveeb\/arh136a\/wp-json\/wp\/v2\/types\/post"}],"author":[{"embeddable":true,"href":"https:\/\/www.real.edu.ee\/ajaveeb\/arh136a\/wp-json\/wp\/v2\/users\/1"}],"replies":[{"embeddable":true,"href":"https:\/\/www.real.edu.ee\/ajaveeb\/arh136a\/wp-json\/wp\/v2\/comments?post=270"}],"version-history":[{"count":0,"href":"https:\/\/www.real.edu.ee\/ajaveeb\/arh136a\/wp-json\/wp\/v2\/posts\/270\/revisions"}],"wp:attachment":[{"href":"https:\/\/www.real.edu.ee\/ajaveeb\/arh136a\/wp-json\/wp\/v2\/media?parent=270"}],"wp:term":[{"taxonomy":"category","embeddable":true,"href":"https:\/\/www.real.edu.ee\/ajaveeb\/arh136a\/wp-json\/wp\/v2\/categories?post=270"},{"taxonomy":"post_tag","embeddable":true,"href":"https:\/\/www.real.edu.ee\/ajaveeb\/arh136a\/wp-json\/wp\/v2\/tags?post=270"}],"curies":[{"name":"wp","href":"https:\/\/api.w.org\/{rel}","templated":true}]}}