{"id":211,"date":"2010-06-02T21:07:14","date_gmt":"2010-06-02T18:07:14","guid":{"rendered":"http:\/\/www.real.edu.ee\/ajaveeb\/136a\/?p=211"},"modified":"2010-06-02T21:07:14","modified_gmt":"2010-06-02T18:07:14","slug":"kaisime-rahvusvahelisel-lastekaitsepaeval-oma-vanematega-loodusmatkal-nommel","status":"publish","type":"post","link":"https:\/\/www.real.edu.ee\/ajaveeb\/arh136a\/2010\/06\/02\/kaisime-rahvusvahelisel-lastekaitsepaeval-oma-vanematega-loodusmatkal-nommel\/","title":{"rendered":"2. p\u00e4ev &#8211; K\u00e4isime rahvusvahelisel lastekaitsep\u00e4eval oma vanematega loodusmatkal N\u00f5mmel"},"content":{"rendered":"<p>T\u00e4na oli viimase koolin\u00e4dala teine p\u00e4ev &#8211; teisysugune kui tavaline teisip\u00e4ev koolis. OLI JU LASTEKAITSEP\u00c4EV! V\u00f5tsime koos 1.b klassiga oma vanemad kaasa ja l\u00e4ksime N\u00f5mmele,  kus ootasid meid \u00f5petajad ja t\u00e4di Laada, kes teab loodusest ilmselt k\u00f5ike. Saime meiegi k\u00f5ik targemaks ja emmed-issid ka.<\/p>\n<p><p><a href=\"http:\/\/www.slide.com\/pivot?cy=ms&amp;at=un&amp;id=2882303761552140654&amp;map=1\" target=\"_blank\"><img decoding=\"async\" src=\"http:\/\/widget-6e.slide.com\/p1\/2882303761552140654\/ms_t000_v000_s0un_f00\/images\/xslide1.gif\" border=\"0\" \/><\/a> <a href=\"http:\/\/www.slide.com\/pivot?cy=ms&amp;at=un&amp;id=2882303761552140654&amp;map=2\" target=\"_blank\"><img decoding=\"async\" src=\"http:\/\/widget-6e.slide.com\/p2\/2882303761552140654\/ms_t000_v000_s0un_f00\/images\/xslide2.gif\" border=\"0\" \/><\/a> <a href=\"http:\/\/www.slide.com\/pivot?cy=ms&amp;at=un&amp;id=2882303761552140654&amp;map=E\" target=\"_blank\"><img decoding=\"async\" src=\"http:\/\/widget-6e.slide.com\/m\/2882303761552140654\/ms_t000_v000_s0un_f00\/images\/xslide9_1.gif\" border=\"0\" \/><\/a><\/p>\n<\/p>\n<p> Ilmaga meil ka vedas, saime veel pikniku pidamisega hakkama.<\/p>\n","protected":false},"excerpt":{"rendered":"<p>T\u00e4na oli viimase koolin\u00e4dala teine p\u00e4ev &#8211; teisysugune kui tavaline teisip\u00e4ev koolis. OLI JU LASTEKAITSEP\u00c4EV! V\u00f5tsime koos 1.b klassiga oma vanemad kaasa ja l\u00e4ksime N\u00f5mmele, kus ootasid meid \u00f5petajad ja t\u00e4di Laada, kes teab loodusest ilmselt k\u00f5ike. Saime meiegi k\u00f5ik targemaks ja emmed-issid ka. Ilmaga meil ka vedas, saime veel pikniku pidamisega hakkama.<\/p>\n","protected":false},"author":1,"featured_media":0,"comment_status":"open","ping_status":"open","sticky":false,"template":"","format":"standard","meta":{"footnotes":""},"categories":[1],"tags":[],"class_list":["post-211","post","type-post","status-publish","format-standard","hentry","category-maaratlemata"],"_links":{"self":[{"href":"https:\/\/www.real.edu.ee\/ajaveeb\/arh136a\/wp-json\/wp\/v2\/posts\/211","targetHints":{"allow":["GET"]}}],"collection":[{"href":"https:\/\/www.real.edu.ee\/ajaveeb\/arh136a\/wp-json\/wp\/v2\/posts"}],"about":[{"href":"https:\/\/www.real.edu.ee\/ajaveeb\/arh136a\/wp-json\/wp\/v2\/types\/post"}],"author":[{"embeddable":true,"href":"https:\/\/www.real.edu.ee\/ajaveeb\/arh136a\/wp-json\/wp\/v2\/users\/1"}],"replies":[{"embeddable":true,"href":"https:\/\/www.real.edu.ee\/ajaveeb\/arh136a\/wp-json\/wp\/v2\/comments?post=211"}],"version-history":[{"count":0,"href":"https:\/\/www.real.edu.ee\/ajaveeb\/arh136a\/wp-json\/wp\/v2\/posts\/211\/revisions"}],"wp:attachment":[{"href":"https:\/\/www.real.edu.ee\/ajaveeb\/arh136a\/wp-json\/wp\/v2\/media?parent=211"}],"wp:term":[{"taxonomy":"category","embeddable":true,"href":"https:\/\/www.real.edu.ee\/ajaveeb\/arh136a\/wp-json\/wp\/v2\/categories?post=211"},{"taxonomy":"post_tag","embeddable":true,"href":"https:\/\/www.real.edu.ee\/ajaveeb\/arh136a\/wp-json\/wp\/v2\/tags?post=211"}],"curies":[{"name":"wp","href":"https:\/\/api.w.org\/{rel}","templated":true}]}}