{"id":1672,"date":"2013-09-30T20:02:56","date_gmt":"2013-09-30T17:02:56","guid":{"rendered":"http:\/\/www.real.edu.ee\/ajaveeb\/136a\/?p=1672"},"modified":"2013-09-30T20:02:56","modified_gmt":"2013-09-30T17:02:56","slug":"kooli-sunnipaev-2","status":"publish","type":"post","link":"https:\/\/www.real.edu.ee\/ajaveeb\/arh136a\/2013\/09\/30\/kooli-sunnipaev-2\/","title":{"rendered":"Kooli S\u00fcnnip\u00e4ev"},"content":{"rendered":"<p>Koolil oli t\u00e4na s\u00fcnnip\u00e4ev. Kool sai 132 aasta vanuseks. K\u00f5ige pealt kogunesime auditooriumisse ja kuulasime direktori jutustust Tallinna Reaalkooli elust. Peale seda s\u00f5ime kringlit ja j\u00f5ime mahle. Kringel oli magus ja mahl oli m\u00f5nus ning pidu oli l\u00f5bus.<\/p>\n\n\t\t<style type=\"text\/css\">\n\t\t\t#gallery-1 {\n\t\t\t\tmargin: auto;\n\t\t\t}\n\t\t\t#gallery-1 .gallery-item {\n\t\t\t\tfloat: left;\n\t\t\t\tmargin-top: 10px;\n\t\t\t\ttext-align: center;\n\t\t\t\twidth: 33%;\n\t\t\t}\n\t\t\t#gallery-1 img {\n\t\t\t\tborder: 2px solid #cfcfcf;\n\t\t\t}\n\t\t\t#gallery-1 .gallery-caption {\n\t\t\t\tmargin-left: 0;\n\t\t\t}\n\t\t\t\/* see gallery_shortcode() in wp-includes\/media.php *\/\n\t\t<\/style>\n\t\t<div id='gallery-1' class='gallery galleryid-1672 gallery-columns-3 gallery-size-thumbnail'><dl class='gallery-item'>\n\t\t\t<dt class='gallery-icon portrait'>\n\t\t\t\t<a href='https:\/\/www.real.edu.ee\/ajaveeb\/arh136a\/files\/2013\/09\/IMG_1025.jpg'><img loading=\"lazy\" decoding=\"async\" width=\"150\" height=\"150\" src=\"https:\/\/www.real.edu.ee\/ajaveeb\/arh136a\/files\/2013\/09\/IMG_1025-150x150.jpg\" class=\"attachment-thumbnail size-thumbnail\" alt=\"\" \/><\/a>\n\t\t\t<\/dt><\/dl><dl class='gallery-item'>\n\t\t\t<dt class='gallery-icon portrait'>\n\t\t\t\t<a href='https:\/\/www.real.edu.ee\/ajaveeb\/arh136a\/files\/2013\/09\/IMG_1013.jpg'><img loading=\"lazy\" decoding=\"async\" width=\"150\" height=\"150\" src=\"https:\/\/www.real.edu.ee\/ajaveeb\/arh136a\/files\/2013\/09\/IMG_1013-150x150.jpg\" class=\"attachment-thumbnail size-thumbnail\" alt=\"\" srcset=\"https:\/\/www.real.edu.ee\/ajaveeb\/arh136a\/files\/2013\/09\/IMG_1013-150x150.jpg 150w, https:\/\/www.real.edu.ee\/ajaveeb\/arh136a\/files\/2013\/09\/IMG_1013-300x300.jpg 300w, https:\/\/www.real.edu.ee\/ajaveeb\/arh136a\/files\/2013\/09\/IMG_1013-768x768.jpg 768w, https:\/\/www.real.edu.ee\/ajaveeb\/arh136a\/files\/2013\/09\/IMG_1013-1024x1024.jpg 1024w, https:\/\/www.real.edu.ee\/ajaveeb\/arh136a\/files\/2013\/09\/IMG_1013.jpg 1936w\" sizes=\"auto, (max-width: 150px) 100vw, 150px\" \/><\/a>\n\t\t\t<\/dt><\/dl><dl class='gallery-item'>\n\t\t\t<dt class='gallery-icon portrait'>\n\t\t\t\t<a href='https:\/\/www.real.edu.ee\/ajaveeb\/arh136a\/files\/2013\/09\/IMG_1024.jpg'><img loading=\"lazy\" decoding=\"async\" width=\"150\" height=\"150\" src=\"https:\/\/www.real.edu.ee\/ajaveeb\/arh136a\/files\/2013\/09\/IMG_1024-150x150.jpg\" class=\"attachment-thumbnail size-thumbnail\" alt=\"\" srcset=\"https:\/\/www.real.edu.ee\/ajaveeb\/arh136a\/files\/2013\/09\/IMG_1024-150x150.jpg 150w, https:\/\/www.real.edu.ee\/ajaveeb\/arh136a\/files\/2013\/09\/IMG_1024-300x300.jpg 300w, https:\/\/www.real.edu.ee\/ajaveeb\/arh136a\/files\/2013\/09\/IMG_1024-768x768.jpg 768w, https:\/\/www.real.edu.ee\/ajaveeb\/arh136a\/files\/2013\/09\/IMG_1024-1024x1024.jpg 1024w, https:\/\/www.real.edu.ee\/ajaveeb\/arh136a\/files\/2013\/09\/IMG_1024.jpg 1936w\" sizes=\"auto, (max-width: 150px) 100vw, 150px\" \/><\/a>\n\t\t\t<\/dt><\/dl><br style=\"clear: both\" \/><dl class='gallery-item'>\n\t\t\t<dt class='gallery-icon portrait'>\n\t\t\t\t<a href='https:\/\/www.real.edu.ee\/ajaveeb\/arh136a\/files\/2013\/09\/IMG_1009.jpg'><img loading=\"lazy\" decoding=\"async\" width=\"150\" height=\"150\" src=\"https:\/\/www.real.edu.ee\/ajaveeb\/arh136a\/files\/2013\/09\/IMG_1009-150x150.jpg\" class=\"attachment-thumbnail size-thumbnail\" alt=\"\" \/><\/a>\n\t\t\t<\/dt><\/dl><dl class='gallery-item'>\n\t\t\t<dt class='gallery-icon landscape'>\n\t\t\t\t<a href='https:\/\/www.real.edu.ee\/ajaveeb\/arh136a\/files\/2013\/09\/IMG_1022.jpg'><img loading=\"lazy\" decoding=\"async\" width=\"150\" height=\"150\" src=\"https:\/\/www.real.edu.ee\/ajaveeb\/arh136a\/files\/2013\/09\/IMG_1022-150x150.jpg\" class=\"attachment-thumbnail size-thumbnail\" alt=\"\" \/><\/a>\n\t\t\t<\/dt><\/dl>\n\t\t\t<br style='clear: both' \/>\n\t\t<\/div>\n\n","protected":false},"excerpt":{"rendered":"<p>Koolil oli t\u00e4na s\u00fcnnip\u00e4ev. Kool sai 132 aasta vanuseks. K\u00f5ige pealt kogunesime auditooriumisse ja kuulasime direktori jutustust Tallinna Reaalkooli elust. Peale seda s\u00f5ime kringlit ja j\u00f5ime mahle. Kringel oli magus ja mahl oli m\u00f5nus ning pidu oli l\u00f5bus.<\/p>\n","protected":false},"author":1,"featured_media":0,"comment_status":"open","ping_status":"open","sticky":false,"template":"","format":"standard","meta":{"footnotes":""},"categories":[1],"tags":[],"class_list":["post-1672","post","type-post","status-publish","format-standard","hentry","category-maaratlemata"],"_links":{"self":[{"href":"https:\/\/www.real.edu.ee\/ajaveeb\/arh136a\/wp-json\/wp\/v2\/posts\/1672","targetHints":{"allow":["GET"]}}],"collection":[{"href":"https:\/\/www.real.edu.ee\/ajaveeb\/arh136a\/wp-json\/wp\/v2\/posts"}],"about":[{"href":"https:\/\/www.real.edu.ee\/ajaveeb\/arh136a\/wp-json\/wp\/v2\/types\/post"}],"author":[{"embeddable":true,"href":"https:\/\/www.real.edu.ee\/ajaveeb\/arh136a\/wp-json\/wp\/v2\/users\/1"}],"replies":[{"embeddable":true,"href":"https:\/\/www.real.edu.ee\/ajaveeb\/arh136a\/wp-json\/wp\/v2\/comments?post=1672"}],"version-history":[{"count":0,"href":"https:\/\/www.real.edu.ee\/ajaveeb\/arh136a\/wp-json\/wp\/v2\/posts\/1672\/revisions"}],"wp:attachment":[{"href":"https:\/\/www.real.edu.ee\/ajaveeb\/arh136a\/wp-json\/wp\/v2\/media?parent=1672"}],"wp:term":[{"taxonomy":"category","embeddable":true,"href":"https:\/\/www.real.edu.ee\/ajaveeb\/arh136a\/wp-json\/wp\/v2\/categories?post=1672"},{"taxonomy":"post_tag","embeddable":true,"href":"https:\/\/www.real.edu.ee\/ajaveeb\/arh136a\/wp-json\/wp\/v2\/tags?post=1672"}],"curies":[{"name":"wp","href":"https:\/\/api.w.org\/{rel}","templated":true}]}}