{"id":1268,"date":"2012-09-05T17:11:17","date_gmt":"2012-09-05T14:11:17","guid":{"rendered":"http:\/\/www.real.edu.ee\/ajaveeb\/136a\/?p=1268"},"modified":"2012-09-05T17:11:17","modified_gmt":"2012-09-05T14:11:17","slug":"nii-algas-meie-4-klass","status":"publish","type":"post","link":"https:\/\/www.real.edu.ee\/ajaveeb\/arh136a\/2012\/09\/05\/nii-algas-meie-4-klass\/","title":{"rendered":"Nii algas meie 4.klass"},"content":{"rendered":"<p>Jah, lausa laup\u00e4eval, kuigi see oli 1. september.<br \/>\nJa  nii nagu direktor \u00fctles, et see vihmane ja k\u00fclm suvi sai l\u00f5puks l\u00e4bi.<br \/>\n<a href=\"http:\/\/www.real.edu.ee\/ajaveeb\/arh136a\/files\/2012\/09\/DSCN3328.jpg\"><img loading=\"lazy\" decoding=\"async\" src=\"http:\/\/www.real.edu.ee\/ajaveeb\/arh136a\/files\/2012\/09\/DSCN3328-300x225.jpg\" alt=\"\" title=\"DSCN3328\" width=\"300\" height=\"225\" class=\"alignnone size-medium wp-image-1278\" srcset=\"https:\/\/www.real.edu.ee\/ajaveeb\/arh136a\/files\/2012\/09\/DSCN3328-300x225.jpg 300w, https:\/\/www.real.edu.ee\/ajaveeb\/arh136a\/files\/2012\/09\/DSCN3328-768x576.jpg 768w, https:\/\/www.real.edu.ee\/ajaveeb\/arh136a\/files\/2012\/09\/DSCN3328-1024x768.jpg 1024w\" sizes=\"auto, (max-width: 300px) 100vw, 300px\" \/><\/a><a href=\"http:\/\/www.real.edu.ee\/ajaveeb\/arh136a\/files\/2012\/09\/DSCN3329.jpg\"><img loading=\"lazy\" decoding=\"async\" src=\"http:\/\/www.real.edu.ee\/ajaveeb\/arh136a\/files\/2012\/09\/DSCN3329-300x225.jpg\" alt=\"\" title=\"DSCN3329\" width=\"300\" height=\"225\" class=\"alignnone size-medium wp-image-1279\" srcset=\"https:\/\/www.real.edu.ee\/ajaveeb\/arh136a\/files\/2012\/09\/DSCN3329-300x225.jpg 300w, https:\/\/www.real.edu.ee\/ajaveeb\/arh136a\/files\/2012\/09\/DSCN3329-768x576.jpg 768w, https:\/\/www.real.edu.ee\/ajaveeb\/arh136a\/files\/2012\/09\/DSCN3329-1024x768.jpg 1024w\" sizes=\"auto, (max-width: 300px) 100vw, 300px\" \/><\/a><br \/>\nJutustamist oli palju ja kohtumisr\u00f5\u00f5mi ka.<\/p>\n","protected":false},"excerpt":{"rendered":"<p>Jah, lausa laup\u00e4eval, kuigi see oli 1. september. Ja nii nagu direktor \u00fctles, et see vihmane ja k\u00fclm suvi sai l\u00f5puks l\u00e4bi. Jutustamist oli palju ja kohtumisr\u00f5\u00f5mi ka.<\/p>\n","protected":false},"author":1,"featured_media":0,"comment_status":"open","ping_status":"open","sticky":false,"template":"","format":"standard","meta":{"footnotes":""},"categories":[1],"tags":[],"class_list":["post-1268","post","type-post","status-publish","format-standard","hentry","category-maaratlemata"],"_links":{"self":[{"href":"https:\/\/www.real.edu.ee\/ajaveeb\/arh136a\/wp-json\/wp\/v2\/posts\/1268","targetHints":{"allow":["GET"]}}],"collection":[{"href":"https:\/\/www.real.edu.ee\/ajaveeb\/arh136a\/wp-json\/wp\/v2\/posts"}],"about":[{"href":"https:\/\/www.real.edu.ee\/ajaveeb\/arh136a\/wp-json\/wp\/v2\/types\/post"}],"author":[{"embeddable":true,"href":"https:\/\/www.real.edu.ee\/ajaveeb\/arh136a\/wp-json\/wp\/v2\/users\/1"}],"replies":[{"embeddable":true,"href":"https:\/\/www.real.edu.ee\/ajaveeb\/arh136a\/wp-json\/wp\/v2\/comments?post=1268"}],"version-history":[{"count":0,"href":"https:\/\/www.real.edu.ee\/ajaveeb\/arh136a\/wp-json\/wp\/v2\/posts\/1268\/revisions"}],"wp:attachment":[{"href":"https:\/\/www.real.edu.ee\/ajaveeb\/arh136a\/wp-json\/wp\/v2\/media?parent=1268"}],"wp:term":[{"taxonomy":"category","embeddable":true,"href":"https:\/\/www.real.edu.ee\/ajaveeb\/arh136a\/wp-json\/wp\/v2\/categories?post=1268"},{"taxonomy":"post_tag","embeddable":true,"href":"https:\/\/www.real.edu.ee\/ajaveeb\/arh136a\/wp-json\/wp\/v2\/tags?post=1268"}],"curies":[{"name":"wp","href":"https:\/\/api.w.org\/{rel}","templated":true}]}}