{"id":100,"date":"2010-01-11T15:57:32","date_gmt":"2010-01-11T12:57:32","guid":{"rendered":"http:\/\/www.real.edu.ee\/ajaveeb\/136a\/?p=100"},"modified":"2010-01-11T15:57:32","modified_gmt":"2010-01-11T12:57:32","slug":"joulunadal","status":"publish","type":"post","link":"https:\/\/www.real.edu.ee\/ajaveeb\/arh136a\/2010\/01\/11\/joulunadal\/","title":{"rendered":"J\u00f5ulun\u00e4dal"},"content":{"rendered":"<p>J\u00f5ulude ootamise aeg koolis oli p\u00e4ris p\u00f5nev &#8211; meist endist said P\u00c4KAPIKUD, m\u00fctsid peas ja puha. Koolit\u00f6id tegime nii h\u00e4sti, et koguni p\u00e4ris p\u00e4kapikud hakkasid meil koolis k\u00fclas k\u00e4ima ja kingitusi tooma. Isegi kirju kirjutasid meile.<br \/>\nKoolis toimus ka mitmeid teistsuguseid p\u00e4evi. Meie terve koolipere \u00fchine j\u00f5ulukontsert oli 16.detsembril suures ja uhkes ESTONIA teatris, kus k\u00e4isid meie klassi laululapsed kooriga esinemas. Neljap\u00e4eval pidasid 4.klassid suures majas j\u00f5ululaata.<br \/>\n<img loading=\"lazy\" decoding=\"async\" class=\"alignnone size-medium wp-image-110\" title=\"P1010022\" src=\"http:\/\/www.real.edu.ee\/ajaveeb\/arh136a\/files\/2010\/02\/P1010022-300x224.jpg\" alt=\"P1010022\" width=\"300\" height=\"224\" \/><br \/>\nReedel k\u00e4isime Nukuteatris V\u00c4IKEST N\u00d5IDA vaatamas. Meile meeldis etendus v\u00e4ga, sest oli natuke \u00f5udne ja natuke naljakas ja netuke kurb ja natuke&#8230;..<\/p>\n<p>Esmasp\u00e4eval 21.detsembril oli meie klassi j\u00f5ulupidu vanematega. Koht oli v\u00e4ga huvitav &#8211; Harju m\u00e4e LIUV\u00c4LI !!<br \/>\nNimelt oli j\u00f5uluvana teada andnud, et soovib meid seal n\u00e4ha ja meie ilusaid laule , luuletusi , kahek\u00f5nesid ja n\u00e4idendeid kuulata. K\u00f5ik l\u00e4ks h\u00e4sti ja J\u00f5uluvana kingikotis oli meile k\u00f5igile kaunis \u00fcllatus<\/p>\n<p><img loading=\"lazy\" decoding=\"async\" class=\"alignnone size-medium wp-image-116\" title=\"Raamat  J\u00f5uluajal\" src=\"http:\/\/www.real.edu.ee\/ajaveeb\/136a\/wp-content\/uploads\/2010\/02\/Raamat-J\u00f5uluajal-239x300.jpg\" alt=\"Raamat  J\u00f5uluajal\" width=\"239\" height=\"300\" \/><br \/>\nP\u00e4rast kauni kingituse saamist v\u00f5isid k\u00f5ik soovijad uisutama minna ja soovijaid oli vaatamata k\u00fclmale ilmale p\u00e4ris palju.<br \/>\nJ\u00e4rgmisel p\u00e4eval oli V\u00e4ikese maja J\u00f5ulupidu ja meile tuli j\u00e4lle j\u00f5uluvana k\u00fclla. Tal oli meile ka kingikott kaasas, mille aitasid v\u00e4lja lunastada meie tublid laululapsed ja Hanna &#8211; Maria ning Nikita oma toreda kahek\u00f5nega.<br \/>\n<img loading=\"lazy\" decoding=\"async\" class=\"alignnone size-medium wp-image-117\" title=\"20091222_1434\" src=\"http:\/\/www.real.edu.ee\/ajaveeb\/arh136a\/files\/2010\/02\/20091222_1434-300x225.jpg\" alt=\"20091222_1434\" width=\"300\" height=\"225\" srcset=\"https:\/\/www.real.edu.ee\/ajaveeb\/arh136a\/files\/2010\/02\/20091222_1434-300x225.jpg 300w, https:\/\/www.real.edu.ee\/ajaveeb\/arh136a\/files\/2010\/02\/20091222_1434-768x576.jpg 768w, https:\/\/www.real.edu.ee\/ajaveeb\/arh136a\/files\/2010\/02\/20091222_1434-1024x768.jpg 1024w\" sizes=\"auto, (max-width: 300px) 100vw, 300px\" \/>\u00a0\u00a0\u00a0\u00a0\u00a0\u00a0\u00a0\u00a0\u00a0\u00a0\u00a0\u00a0\u00a0\u00a0\u00a0\u00a0\u00a0 <img loading=\"lazy\" decoding=\"async\" class=\"alignnone size-medium wp-image-118\" title=\"20091222_1422\" src=\"http:\/\/www.real.edu.ee\/ajaveeb\/arh136a\/files\/2010\/02\/20091222_1422-300x225.jpg\" alt=\"20091222_1422\" width=\"300\" height=\"225\" srcset=\"https:\/\/www.real.edu.ee\/ajaveeb\/arh136a\/files\/2010\/02\/20091222_1422-300x225.jpg 300w, https:\/\/www.real.edu.ee\/ajaveeb\/arh136a\/files\/2010\/02\/20091222_1422-768x576.jpg 768w, https:\/\/www.real.edu.ee\/ajaveeb\/arh136a\/files\/2010\/02\/20091222_1422-1024x768.jpg 1024w\" sizes=\"auto, (max-width: 300px) 100vw, 300px\" \/><\/p>\n","protected":false},"excerpt":{"rendered":"<p>J\u00f5ulude ootamise aeg koolis oli p\u00e4ris p\u00f5nev &#8211; meist endist said P\u00c4KAPIKUD, m\u00fctsid peas ja puha. Koolit\u00f6id tegime nii h\u00e4sti, et koguni p\u00e4ris p\u00e4kapikud hakkasid meil koolis k\u00fclas k\u00e4ima ja kingitusi tooma. Isegi kirju kirjutasid meile. Koolis toimus ka mitmeid teistsuguseid p\u00e4evi. Meie terve koolipere \u00fchine j\u00f5ulukontsert oli 16.detsembril suures ja uhkes ESTONIA teatris, kus [&hellip;]<\/p>\n","protected":false},"author":1,"featured_media":0,"comment_status":"open","ping_status":"open","sticky":false,"template":"","format":"standard","meta":{"footnotes":""},"categories":[1],"tags":[],"class_list":["post-100","post","type-post","status-publish","format-standard","hentry","category-maaratlemata"],"_links":{"self":[{"href":"https:\/\/www.real.edu.ee\/ajaveeb\/arh136a\/wp-json\/wp\/v2\/posts\/100","targetHints":{"allow":["GET"]}}],"collection":[{"href":"https:\/\/www.real.edu.ee\/ajaveeb\/arh136a\/wp-json\/wp\/v2\/posts"}],"about":[{"href":"https:\/\/www.real.edu.ee\/ajaveeb\/arh136a\/wp-json\/wp\/v2\/types\/post"}],"author":[{"embeddable":true,"href":"https:\/\/www.real.edu.ee\/ajaveeb\/arh136a\/wp-json\/wp\/v2\/users\/1"}],"replies":[{"embeddable":true,"href":"https:\/\/www.real.edu.ee\/ajaveeb\/arh136a\/wp-json\/wp\/v2\/comments?post=100"}],"version-history":[{"count":0,"href":"https:\/\/www.real.edu.ee\/ajaveeb\/arh136a\/wp-json\/wp\/v2\/posts\/100\/revisions"}],"wp:attachment":[{"href":"https:\/\/www.real.edu.ee\/ajaveeb\/arh136a\/wp-json\/wp\/v2\/media?parent=100"}],"wp:term":[{"taxonomy":"category","embeddable":true,"href":"https:\/\/www.real.edu.ee\/ajaveeb\/arh136a\/wp-json\/wp\/v2\/categories?post=100"},{"taxonomy":"post_tag","embeddable":true,"href":"https:\/\/www.real.edu.ee\/ajaveeb\/arh136a\/wp-json\/wp\/v2\/tags?post=100"}],"curies":[{"name":"wp","href":"https:\/\/api.w.org\/{rel}","templated":true}]}}