{"id":113,"date":"2016-02-19T20:43:07","date_gmt":"2016-02-19T18:43:07","guid":{"rendered":"http:\/\/www.real.edu.ee\/ajaveeb\/135c\/?p=113"},"modified":"2016-03-07T20:43:45","modified_gmt":"2016-03-07T18:43:45","slug":"aktus","status":"publish","type":"post","link":"https:\/\/www.real.edu.ee\/ajaveeb\/arh135c\/2016\/02\/19\/aktus\/","title":{"rendered":"Aktus"},"content":{"rendered":"<p>19. veebruari hommikul tulin kooli teatava ootus\u00e4revusega. Pidulikult riides ja koolim\u00fcts peas sammusin koos teiste \u00f5pilastega kooli poole. Meie aktus oli esimese tunni ajal. Kogunesime klassi ja tunni alates l\u00e4ksime aulasse. Aktus kestis umbes pool tundi ja selle k\u00e4igus saime kuulata n\u00e4iteks direktor Ene Saare k\u00f5net ja lastekoori. Peale aktust j\u00e4tkus p\u00e4ev tavalises r\u00fctmis.<\/p>\n<p>Villem Susi<\/p>\n","protected":false},"excerpt":{"rendered":"<p>19. veebruari hommikul tulin kooli teatava ootus\u00e4revusega. Pidulikult riides ja koolim\u00fcts peas sammusin koos teiste \u00f5pilastega kooli poole. Meie aktus oli esimese tunni ajal. Kogunesime klassi ja tunni alates l\u00e4ksime aulasse. Aktus kestis umbes pool tundi ja selle k\u00e4igus saime kuulata n\u00e4iteks direktor Ene Saare k\u00f5net ja lastekoori. Peale aktust j\u00e4tkus p\u00e4ev tavalises r\u00fctmis. Villem [&hellip;]<\/p>\n","protected":false},"author":79,"featured_media":0,"comment_status":"closed","ping_status":"open","sticky":false,"template":"","format":"standard","meta":{"footnotes":""},"categories":[1],"tags":[],"class_list":["post-113","post","type-post","status-publish","format-standard","hentry","category-maaratlemata"],"_links":{"self":[{"href":"https:\/\/www.real.edu.ee\/ajaveeb\/arh135c\/wp-json\/wp\/v2\/posts\/113","targetHints":{"allow":["GET"]}}],"collection":[{"href":"https:\/\/www.real.edu.ee\/ajaveeb\/arh135c\/wp-json\/wp\/v2\/posts"}],"about":[{"href":"https:\/\/www.real.edu.ee\/ajaveeb\/arh135c\/wp-json\/wp\/v2\/types\/post"}],"author":[{"embeddable":true,"href":"https:\/\/www.real.edu.ee\/ajaveeb\/arh135c\/wp-json\/wp\/v2\/users\/79"}],"replies":[{"embeddable":true,"href":"https:\/\/www.real.edu.ee\/ajaveeb\/arh135c\/wp-json\/wp\/v2\/comments?post=113"}],"version-history":[{"count":1,"href":"https:\/\/www.real.edu.ee\/ajaveeb\/arh135c\/wp-json\/wp\/v2\/posts\/113\/revisions"}],"predecessor-version":[{"id":114,"href":"https:\/\/www.real.edu.ee\/ajaveeb\/arh135c\/wp-json\/wp\/v2\/posts\/113\/revisions\/114"}],"wp:attachment":[{"href":"https:\/\/www.real.edu.ee\/ajaveeb\/arh135c\/wp-json\/wp\/v2\/media?parent=113"}],"wp:term":[{"taxonomy":"category","embeddable":true,"href":"https:\/\/www.real.edu.ee\/ajaveeb\/arh135c\/wp-json\/wp\/v2\/categories?post=113"},{"taxonomy":"post_tag","embeddable":true,"href":"https:\/\/www.real.edu.ee\/ajaveeb\/arh135c\/wp-json\/wp\/v2\/tags?post=113"}],"curies":[{"name":"wp","href":"https:\/\/api.w.org\/{rel}","templated":true}]}}