{"id":542,"date":"2012-06-05T16:11:11","date_gmt":"2012-06-05T20:11:11","guid":{"rendered":"http:\/\/www.real.edu.ee\/ajaveeb\/135a\/?p=542"},"modified":"2012-06-05T16:11:11","modified_gmt":"2012-06-05T20:11:11","slug":"nelijarvel","status":"publish","type":"post","link":"https:\/\/www.real.edu.ee\/ajaveeb\/arh135a\/2012\/06\/05\/nelijarvel\/","title":{"rendered":"Nelij\u00e4rvel!"},"content":{"rendered":"<p>Me k\u00e4isime neljandate klassidega Nelij\u00e4rve ekskursioonil. Me olime seal kaks p\u00e4eva 28.maist-29.maini. Kavas oli meil v\u00e4ike matk. Meil oli ka matkal oma giid, kes r\u00e4\u00e4kis Nelij\u00e4rve loomadest, taimedest ja puudest. Kell 14.30 oli meil maastikum\u00e4ng. Kell 19.00-22.00 oli meil klassi\u00f5htu. Klassi\u00f5htul sai tantsida ja paljud tegid meile midagi p\u00f5nevat nt pidi ise n\u00e4idendeid tegema oli viktoriin. Ja kokkuv\u00f5tteks v\u00f5in \u00f6elda, et Nelij\u00e4rve ekskursioon oli tore ja l\u00f5bus.<\/p>\n<p style=\"text-align: center\">Kristjan Tomson\n\t\t<style type=\"text\/css\">\n\t\t\t#gallery-1 {\n\t\t\t\tmargin: auto;\n\t\t\t}\n\t\t\t#gallery-1 .gallery-item {\n\t\t\t\tfloat: left;\n\t\t\t\tmargin-top: 10px;\n\t\t\t\ttext-align: center;\n\t\t\t\twidth: 50%;\n\t\t\t}\n\t\t\t#gallery-1 img {\n\t\t\t\tborder: 2px solid #cfcfcf;\n\t\t\t}\n\t\t\t#gallery-1 .gallery-caption {\n\t\t\t\tmargin-left: 0;\n\t\t\t}\n\t\t\t\/* see gallery_shortcode() in wp-includes\/media.php *\/\n\t\t<\/style>\n\t\t<div id='gallery-1' class='gallery galleryid-542 gallery-columns-2 gallery-size-thumbnail'><dl class='gallery-item'>\n\t\t\t<dt class='gallery-icon landscape'>\n\t\t\t\t<a href='https:\/\/www.real.edu.ee\/ajaveeb\/arh135a\/files\/2012\/06\/2012-05-29-12.09.22.jpg'><img loading=\"lazy\" decoding=\"async\" width=\"150\" height=\"150\" src=\"https:\/\/www.real.edu.ee\/ajaveeb\/arh135a\/files\/2012\/06\/2012-05-29-12.09.22-150x150.jpg\" class=\"attachment-thumbnail size-thumbnail\" alt=\"\" \/><\/a>\n\t\t\t<\/dt><\/dl><dl class='gallery-item'>\n\t\t\t<dt class='gallery-icon landscape'>\n\t\t\t\t<a href='https:\/\/www.real.edu.ee\/ajaveeb\/arh135a\/files\/2012\/06\/2012-05-29-12.09.221.jpg'><img loading=\"lazy\" decoding=\"async\" width=\"150\" height=\"150\" src=\"https:\/\/www.real.edu.ee\/ajaveeb\/arh135a\/files\/2012\/06\/2012-05-29-12.09.221-150x150.jpg\" class=\"attachment-thumbnail size-thumbnail\" alt=\"\" \/><\/a>\n\t\t\t<\/dt><\/dl><br style=\"clear: both\" \/><dl class='gallery-item'>\n\t\t\t<dt class='gallery-icon landscape'>\n\t\t\t\t<a href='https:\/\/www.real.edu.ee\/ajaveeb\/arh135a\/files\/2012\/06\/2012-05-29-12.09.07.jpg'><img loading=\"lazy\" decoding=\"async\" width=\"150\" height=\"150\" src=\"https:\/\/www.real.edu.ee\/ajaveeb\/arh135a\/files\/2012\/06\/2012-05-29-12.09.07-150x150.jpg\" class=\"attachment-thumbnail size-thumbnail\" alt=\"\" \/><\/a>\n\t\t\t<\/dt><\/dl>\n\t\t\t<br style='clear: both' \/>\n\t\t<\/div>\n<\/p>\n","protected":false},"excerpt":{"rendered":"<p>Me k\u00e4isime neljandate klassidega Nelij\u00e4rve ekskursioonil. Me olime seal kaks p\u00e4eva 28.maist-29.maini. Kavas oli meil v\u00e4ike matk. Meil oli ka matkal oma giid, kes r\u00e4\u00e4kis Nelij\u00e4rve loomadest, taimedest ja puudest. Kell 14.30 oli meil maastikum\u00e4ng. Kell 19.00-22.00 oli meil klassi\u00f5htu. Klassi\u00f5htul sai tantsida ja paljud tegid meile midagi p\u00f5nevat nt pidi ise n\u00e4idendeid tegema oli [&hellip;]<\/p>\n","protected":false},"author":1,"featured_media":0,"comment_status":"open","ping_status":"open","sticky":false,"template":"","format":"standard","meta":{"footnotes":""},"categories":[8],"tags":[],"class_list":["post-542","post","type-post","status-publish","format-standard","hentry","category-uncategorized"],"_links":{"self":[{"href":"https:\/\/www.real.edu.ee\/ajaveeb\/arh135a\/wp-json\/wp\/v2\/posts\/542","targetHints":{"allow":["GET"]}}],"collection":[{"href":"https:\/\/www.real.edu.ee\/ajaveeb\/arh135a\/wp-json\/wp\/v2\/posts"}],"about":[{"href":"https:\/\/www.real.edu.ee\/ajaveeb\/arh135a\/wp-json\/wp\/v2\/types\/post"}],"author":[{"embeddable":true,"href":"https:\/\/www.real.edu.ee\/ajaveeb\/arh135a\/wp-json\/wp\/v2\/users\/1"}],"replies":[{"embeddable":true,"href":"https:\/\/www.real.edu.ee\/ajaveeb\/arh135a\/wp-json\/wp\/v2\/comments?post=542"}],"version-history":[{"count":0,"href":"https:\/\/www.real.edu.ee\/ajaveeb\/arh135a\/wp-json\/wp\/v2\/posts\/542\/revisions"}],"wp:attachment":[{"href":"https:\/\/www.real.edu.ee\/ajaveeb\/arh135a\/wp-json\/wp\/v2\/media?parent=542"}],"wp:term":[{"taxonomy":"category","embeddable":true,"href":"https:\/\/www.real.edu.ee\/ajaveeb\/arh135a\/wp-json\/wp\/v2\/categories?post=542"},{"taxonomy":"post_tag","embeddable":true,"href":"https:\/\/www.real.edu.ee\/ajaveeb\/arh135a\/wp-json\/wp\/v2\/tags?post=542"}],"curies":[{"name":"wp","href":"https:\/\/api.w.org\/{rel}","templated":true}]}}