{"id":596,"date":"2009-11-17T11:31:56","date_gmt":"2009-11-17T09:31:56","guid":{"rendered":"http:\/\/www.real.edu.ee\/ajaveeb\/134b\/?p=596"},"modified":"2016-09-28T11:27:24","modified_gmt":"2016-09-28T08:27:24","slug":"isadepaev-5-november-2009","status":"publish","type":"post","link":"https:\/\/www.real.edu.ee\/ajaveeb\/arh134b\/2009\/11\/17\/isadepaev-5-november-2009\/","title":{"rendered":"Isadep\u00e4ev, 5.november 2009"},"content":{"rendered":"<p>5.novembril toimus Tallinna Reaalkooli algklasside isadep\u00e4ev.<\/p>\n<p style=\"margin-top: 0px;margin-bottom: 5px;text-align: justify\">Kohal olid isad- vanaisad, vennad-\u00f5ed, emad ja vanaemad. Tegevused toimusid koos klassiga erinevates ruumides. Aulas lapsed esinesid ja andsid \u00fcle omavalmistatud helkuritest kaitseinglid. Koos klassijuhatajaga nuputati ja meisterdati. Spordiklubi poolt organiseeriti v\u00f5imlas vahvaid palliv\u00f5istlusi . <\/p>\n<p style=\"margin-top: 0px;margin-bottom: 5px;text-align: justify\">\u00dcritus l\u00e4ks igati korda. J\u00e4rjekordselt v\u00f5ib t\u00f5deda, et meil on aktiivsed lapsed ja lapsevanemad, kellele on oluline olla reaalikas.<\/p>\n<p style=\"margin-top: 0px;margin-bottom: 5px;text-align: justify\">\u00a0<\/p>\n<p style=\"margin-top: 0px;margin-bottom: 5px;text-align: justify\">\u00a0<\/p>\n<p><p><a href=\"http:\/\/www.slide.com\/pivot?cy=ms&amp;at=un&amp;id=3170534137705514559&amp;map=1\" target=\"_blank\"><img decoding=\"async\" src=\"http:\/\/widget-3f.slide.com\/p1\/3170534137705514559\/ms_t024_v000_s0un_f00\/images\/xslide1.gif\" border=\"0\" \/><\/a> <a href=\"http:\/\/www.slide.com\/pivot?cy=ms&amp;at=un&amp;id=3170534137705514559&amp;map=2\" target=\"_blank\"><img decoding=\"async\" src=\"http:\/\/widget-3f.slide.com\/p2\/3170534137705514559\/ms_t024_v000_s0un_f00\/images\/xslide2.gif\" border=\"0\" \/><\/a> <a href=\"http:\/\/www.slide.com\/pivot?cy=ms&amp;at=un&amp;id=3170534137705514559&amp;map=F\" target=\"_blank\"><img decoding=\"async\" src=\"http:\/\/widget-3f.slide.com\/p4\/3170534137705514559\/ms_t024_v000_s0un_f00\/images\/xslide42.gif\" border=\"0\" \/><\/a><\/p><\/p>\n","protected":false},"excerpt":{"rendered":"<p>5.novembril toimus Tallinna Reaalkooli algklasside isadep\u00e4ev. Kohal olid isad- vanaisad, vennad-\u00f5ed, emad ja vanaemad. Tegevused toimusid koos klassiga erinevates ruumides. Aulas lapsed esinesid ja andsid \u00fcle omavalmistatud helkuritest kaitseinglid. Koos klassijuhatajaga nuputati ja meisterdati. Spordiklubi poolt organiseeriti v\u00f5imlas vahvaid palliv\u00f5istlusi . \u00dcritus l\u00e4ks igati korda. J\u00e4rjekordselt v\u00f5ib t\u00f5deda, et meil on aktiivsed lapsed ja lapsevanemad, [&hellip;]<\/p>\n","protected":false},"author":1,"featured_media":0,"comment_status":"open","ping_status":"open","sticky":false,"template":"","format":"standard","meta":{"footnotes":""},"categories":[10],"tags":[],"class_list":["post-596","post","type-post","status-publish","format-standard","hentry","category-uritused"],"_links":{"self":[{"href":"https:\/\/www.real.edu.ee\/ajaveeb\/arh134b\/wp-json\/wp\/v2\/posts\/596","targetHints":{"allow":["GET"]}}],"collection":[{"href":"https:\/\/www.real.edu.ee\/ajaveeb\/arh134b\/wp-json\/wp\/v2\/posts"}],"about":[{"href":"https:\/\/www.real.edu.ee\/ajaveeb\/arh134b\/wp-json\/wp\/v2\/types\/post"}],"author":[{"embeddable":true,"href":"https:\/\/www.real.edu.ee\/ajaveeb\/arh134b\/wp-json\/wp\/v2\/users\/1"}],"replies":[{"embeddable":true,"href":"https:\/\/www.real.edu.ee\/ajaveeb\/arh134b\/wp-json\/wp\/v2\/comments?post=596"}],"version-history":[{"count":1,"href":"https:\/\/www.real.edu.ee\/ajaveeb\/arh134b\/wp-json\/wp\/v2\/posts\/596\/revisions"}],"predecessor-version":[{"id":1378,"href":"https:\/\/www.real.edu.ee\/ajaveeb\/arh134b\/wp-json\/wp\/v2\/posts\/596\/revisions\/1378"}],"wp:attachment":[{"href":"https:\/\/www.real.edu.ee\/ajaveeb\/arh134b\/wp-json\/wp\/v2\/media?parent=596"}],"wp:term":[{"taxonomy":"category","embeddable":true,"href":"https:\/\/www.real.edu.ee\/ajaveeb\/arh134b\/wp-json\/wp\/v2\/categories?post=596"},{"taxonomy":"post_tag","embeddable":true,"href":"https:\/\/www.real.edu.ee\/ajaveeb\/arh134b\/wp-json\/wp\/v2\/tags?post=596"}],"curies":[{"name":"wp","href":"https:\/\/api.w.org\/{rel}","templated":true}]}}