{"id":258,"date":"2008-11-21T22:40:34","date_gmt":"2008-11-21T20:40:34","guid":{"rendered":"http:\/\/www.real.edu.ee\/ajaveeb\/134b\/?p=258"},"modified":"2016-09-28T11:27:56","modified_gmt":"2016-09-28T08:27:56","slug":"mardi-kadri-disko-19-11-2008","status":"publish","type":"post","link":"https:\/\/www.real.edu.ee\/ajaveeb\/arh134b\/2008\/11\/21\/mardi-kadri-disko-19-11-2008\/","title":{"rendered":"MARDI &#8211; KADRI DISKO 19. 11. 2008"},"content":{"rendered":"<p>Osalejaid kogu V\u00e4ikese maja peale oli suur hulk. Igal klassil oli \u00fclesandeks esitada mardi-kadri teemaline laul, tants, n\u00e4idend v\u00f5i m\u00f5ni muu etteaste. K\u00f5ik etteasted oli imevahvad!! Meie klass esitas \u00f5petaja Thea \u00f5petatud toreda karditantsu \ud83d\ude42 SUURED t\u00e4nud \u00f5petaja Theale koost\u00f6\u00f6 eest!!<br \/>\n\u00d5petajad ja loositeel valitud \u00f5pilased moodustasid \u017e\u00fcrii, kes valisid v\u00e4lja k\u00f5ige uhkemad kost\u00fc\u00fcmid. Uhkeid kost\u00fc\u00fcme oli nii plaju, et peaaegu k\u00f5ik said diplomid ja auhinnad.<br \/>\nToimus ka mardi-kadri viktoriin. Esimese koha sai 2.b klassi v\u00f5istkond \ud83d\ude42<\/p>\n<p>\n\t\t<style type=\"text\/css\">\n\t\t\t#gallery-1 {\n\t\t\t\tmargin: auto;\n\t\t\t}\n\t\t\t#gallery-1 .gallery-item {\n\t\t\t\tfloat: left;\n\t\t\t\tmargin-top: 10px;\n\t\t\t\ttext-align: center;\n\t\t\t\twidth: 33%;\n\t\t\t}\n\t\t\t#gallery-1 img {\n\t\t\t\tborder: 2px solid #cfcfcf;\n\t\t\t}\n\t\t\t#gallery-1 .gallery-caption {\n\t\t\t\tmargin-left: 0;\n\t\t\t}\n\t\t\t\/* see gallery_shortcode() in wp-includes\/media.php *\/\n\t\t<\/style>\n\t\t<div id='gallery-1' class='gallery galleryid-258 gallery-columns-3 gallery-size-thumbnail'><dl class='gallery-item'>\n\t\t\t<dt class='gallery-icon landscape'>\n\t\t\t\t<a href='https:\/\/www.real.edu.ee\/ajaveeb\/arh134b\/2008\/11\/21\/mardi-kadri-disko-19-11-2008\/picture-002\/'><img loading=\"lazy\" decoding=\"async\" width=\"150\" height=\"150\" src=\"https:\/\/www.real.edu.ee\/ajaveeb\/arh134b\/files\/2009\/01\/picture-002-150x150.jpg\" class=\"attachment-thumbnail size-thumbnail\" alt=\"\" \/><\/a>\n\t\t\t<\/dt><\/dl><dl class='gallery-item'>\n\t\t\t<dt class='gallery-icon landscape'>\n\t\t\t\t<a href='https:\/\/www.real.edu.ee\/ajaveeb\/arh134b\/2008\/11\/21\/mardi-kadri-disko-19-11-2008\/picture-011\/'><img loading=\"lazy\" decoding=\"async\" width=\"150\" height=\"150\" src=\"https:\/\/www.real.edu.ee\/ajaveeb\/arh134b\/files\/2009\/01\/picture-011-150x150.jpg\" class=\"attachment-thumbnail size-thumbnail\" alt=\"\" \/><\/a>\n\t\t\t<\/dt><\/dl><dl class='gallery-item'>\n\t\t\t<dt class='gallery-icon landscape'>\n\t\t\t\t<a href='https:\/\/www.real.edu.ee\/ajaveeb\/arh134b\/2008\/11\/21\/mardi-kadri-disko-19-11-2008\/picture-014\/'><img loading=\"lazy\" decoding=\"async\" width=\"150\" height=\"150\" src=\"https:\/\/www.real.edu.ee\/ajaveeb\/arh134b\/files\/2009\/01\/picture-014-150x150.jpg\" class=\"attachment-thumbnail size-thumbnail\" alt=\"\" \/><\/a>\n\t\t\t<\/dt><\/dl><br style=\"clear: both\" \/><dl class='gallery-item'>\n\t\t\t<dt class='gallery-icon landscape'>\n\t\t\t\t<a href='https:\/\/www.real.edu.ee\/ajaveeb\/arh134b\/2008\/11\/21\/mardi-kadri-disko-19-11-2008\/picture-015\/'><img loading=\"lazy\" decoding=\"async\" width=\"150\" height=\"150\" src=\"https:\/\/www.real.edu.ee\/ajaveeb\/arh134b\/files\/2009\/01\/picture-015-150x150.jpg\" class=\"attachment-thumbnail size-thumbnail\" alt=\"\" \/><\/a>\n\t\t\t<\/dt><\/dl><dl class='gallery-item'>\n\t\t\t<dt class='gallery-icon landscape'>\n\t\t\t\t<a href='https:\/\/www.real.edu.ee\/ajaveeb\/arh134b\/2008\/11\/21\/mardi-kadri-disko-19-11-2008\/picture-019\/'><img loading=\"lazy\" decoding=\"async\" width=\"150\" height=\"150\" src=\"https:\/\/www.real.edu.ee\/ajaveeb\/arh134b\/files\/2009\/01\/picture-019-150x150.jpg\" class=\"attachment-thumbnail size-thumbnail\" alt=\"\" \/><\/a>\n\t\t\t<\/dt><\/dl>\n\t\t\t<br style='clear: both' \/>\n\t\t<\/div>\n<br \/>\nPidu l\u00f5ppes diskotantsu saatel.<\/p>\n","protected":false},"excerpt":{"rendered":"<p>Osalejaid kogu V\u00e4ikese maja peale oli suur hulk. Igal klassil oli \u00fclesandeks esitada mardi-kadri teemaline laul, tants, n\u00e4idend v\u00f5i m\u00f5ni muu etteaste. K\u00f5ik etteasted oli imevahvad!! Meie klass esitas \u00f5petaja Thea \u00f5petatud toreda karditantsu \ud83d\ude42 SUURED t\u00e4nud \u00f5petaja Theale koost\u00f6\u00f6 eest!! \u00d5petajad ja loositeel valitud \u00f5pilased moodustasid \u017e\u00fcrii, kes valisid v\u00e4lja k\u00f5ige uhkemad kost\u00fc\u00fcmid. Uhkeid [&hellip;]<\/p>\n","protected":false},"author":1,"featured_media":0,"comment_status":"open","ping_status":"open","sticky":false,"template":"","format":"standard","meta":{"footnotes":""},"categories":[10],"tags":[],"class_list":["post-258","post","type-post","status-publish","format-standard","hentry","category-uritused"],"_links":{"self":[{"href":"https:\/\/www.real.edu.ee\/ajaveeb\/arh134b\/wp-json\/wp\/v2\/posts\/258","targetHints":{"allow":["GET"]}}],"collection":[{"href":"https:\/\/www.real.edu.ee\/ajaveeb\/arh134b\/wp-json\/wp\/v2\/posts"}],"about":[{"href":"https:\/\/www.real.edu.ee\/ajaveeb\/arh134b\/wp-json\/wp\/v2\/types\/post"}],"author":[{"embeddable":true,"href":"https:\/\/www.real.edu.ee\/ajaveeb\/arh134b\/wp-json\/wp\/v2\/users\/1"}],"replies":[{"embeddable":true,"href":"https:\/\/www.real.edu.ee\/ajaveeb\/arh134b\/wp-json\/wp\/v2\/comments?post=258"}],"version-history":[{"count":1,"href":"https:\/\/www.real.edu.ee\/ajaveeb\/arh134b\/wp-json\/wp\/v2\/posts\/258\/revisions"}],"predecessor-version":[{"id":1419,"href":"https:\/\/www.real.edu.ee\/ajaveeb\/arh134b\/wp-json\/wp\/v2\/posts\/258\/revisions\/1419"}],"wp:attachment":[{"href":"https:\/\/www.real.edu.ee\/ajaveeb\/arh134b\/wp-json\/wp\/v2\/media?parent=258"}],"wp:term":[{"taxonomy":"category","embeddable":true,"href":"https:\/\/www.real.edu.ee\/ajaveeb\/arh134b\/wp-json\/wp\/v2\/categories?post=258"},{"taxonomy":"post_tag","embeddable":true,"href":"https:\/\/www.real.edu.ee\/ajaveeb\/arh134b\/wp-json\/wp\/v2\/tags?post=258"}],"curies":[{"name":"wp","href":"https:\/\/api.w.org\/{rel}","templated":true}]}}