{"id":744,"date":"2011-03-08T14:40:56","date_gmt":"2011-03-08T12:40:56","guid":{"rendered":"http:\/\/www.real.edu.ee\/ajaveeb\/134a\/?p=744"},"modified":"2011-03-08T14:40:56","modified_gmt":"2011-03-08T12:40:56","slug":"stiili-sobranadal-14-02-18-02-2011","status":"publish","type":"post","link":"https:\/\/www.real.edu.ee\/ajaveeb\/arh134a\/2011\/03\/08\/stiili-sobranadal-14-02-18-02-2011\/","title":{"rendered":"STIILI-S\u00d5BRAN\u00c4DAL  14.02.-18.02. 2011"},"content":{"rendered":"<p>Stiilin\u00e4dala esimesel p\u00e4eval panid s\u00f5brad end \u00fchtemoodi riidesse. Teisip\u00e4ev oli beebip\u00e4ev.<br \/>\nKolmap\u00e4ev- Mina t\u00e4iskasvanuna.<br \/>\nNeljap\u00e4eval toimus DISKO, kus pidi esitlema klassis valmistatud s\u00f5brap\u00e4eva maskotti.<br \/>\nReedel oli liitklasside p\u00e4ev, kus sai erinevates klassides huvitavaid asju teha.\n\t\t<style type=\"text\/css\">\n\t\t\t#gallery-1 {\n\t\t\t\tmargin: auto;\n\t\t\t}\n\t\t\t#gallery-1 .gallery-item {\n\t\t\t\tfloat: left;\n\t\t\t\tmargin-top: 10px;\n\t\t\t\ttext-align: center;\n\t\t\t\twidth: 33%;\n\t\t\t}\n\t\t\t#gallery-1 img {\n\t\t\t\tborder: 2px solid #cfcfcf;\n\t\t\t}\n\t\t\t#gallery-1 .gallery-caption {\n\t\t\t\tmargin-left: 0;\n\t\t\t}\n\t\t\t\/* see gallery_shortcode() in wp-includes\/media.php *\/\n\t\t<\/style>\n\t\t<div id='gallery-1' class='gallery galleryid-744 gallery-columns-3 gallery-size-thumbnail'><dl class='gallery-item'>\n\t\t\t<dt class='gallery-icon landscape'>\n\t\t\t\t<a href='https:\/\/www.real.edu.ee\/ajaveeb\/arh134a\/2011\/03\/08\/stiili-sobranadal-14-02-18-02-2011\/img_0271\/'><img loading=\"lazy\" decoding=\"async\" width=\"150\" height=\"150\" src=\"https:\/\/www.real.edu.ee\/ajaveeb\/arh134a\/files\/2011\/03\/IMG_0271-150x150.jpg\" class=\"attachment-thumbnail size-thumbnail\" alt=\"\" \/><\/a>\n\t\t\t<\/dt><\/dl><dl class='gallery-item'>\n\t\t\t<dt class='gallery-icon landscape'>\n\t\t\t\t<a href='https:\/\/www.real.edu.ee\/ajaveeb\/arh134a\/2011\/03\/08\/stiili-sobranadal-14-02-18-02-2011\/img_0272\/'><img loading=\"lazy\" decoding=\"async\" width=\"150\" height=\"150\" src=\"https:\/\/www.real.edu.ee\/ajaveeb\/arh134a\/files\/2011\/03\/IMG_0272-150x150.jpg\" class=\"attachment-thumbnail size-thumbnail\" alt=\"\" \/><\/a>\n\t\t\t<\/dt><\/dl><dl class='gallery-item'>\n\t\t\t<dt class='gallery-icon landscape'>\n\t\t\t\t<a href='https:\/\/www.real.edu.ee\/ajaveeb\/arh134a\/2011\/03\/08\/stiili-sobranadal-14-02-18-02-2011\/img_0273\/'><img loading=\"lazy\" decoding=\"async\" width=\"150\" height=\"150\" src=\"https:\/\/www.real.edu.ee\/ajaveeb\/arh134a\/files\/2011\/03\/IMG_0273-150x150.jpg\" class=\"attachment-thumbnail size-thumbnail\" alt=\"\" \/><\/a>\n\t\t\t<\/dt><\/dl><br style=\"clear: both\" \/><dl class='gallery-item'>\n\t\t\t<dt class='gallery-icon landscape'>\n\t\t\t\t<a href='https:\/\/www.real.edu.ee\/ajaveeb\/arh134a\/2011\/03\/08\/stiili-sobranadal-14-02-18-02-2011\/img_0274\/'><img loading=\"lazy\" decoding=\"async\" width=\"150\" height=\"150\" src=\"https:\/\/www.real.edu.ee\/ajaveeb\/arh134a\/files\/2011\/03\/IMG_0274-150x150.jpg\" class=\"attachment-thumbnail size-thumbnail\" alt=\"\" \/><\/a>\n\t\t\t<\/dt><\/dl><dl class='gallery-item'>\n\t\t\t<dt class='gallery-icon landscape'>\n\t\t\t\t<a href='https:\/\/www.real.edu.ee\/ajaveeb\/arh134a\/2011\/03\/08\/stiili-sobranadal-14-02-18-02-2011\/img_0275\/'><img loading=\"lazy\" decoding=\"async\" width=\"150\" height=\"150\" src=\"https:\/\/www.real.edu.ee\/ajaveeb\/arh134a\/files\/2011\/03\/IMG_0275-150x150.jpg\" class=\"attachment-thumbnail size-thumbnail\" alt=\"\" \/><\/a>\n\t\t\t<\/dt><\/dl><dl class='gallery-item'>\n\t\t\t<dt class='gallery-icon landscape'>\n\t\t\t\t<a href='https:\/\/www.real.edu.ee\/ajaveeb\/arh134a\/2011\/03\/08\/stiili-sobranadal-14-02-18-02-2011\/img_0280\/'><img loading=\"lazy\" decoding=\"async\" width=\"150\" height=\"150\" src=\"https:\/\/www.real.edu.ee\/ajaveeb\/arh134a\/files\/2011\/03\/IMG_0280-150x150.jpg\" class=\"attachment-thumbnail size-thumbnail\" alt=\"\" \/><\/a>\n\t\t\t<\/dt><\/dl><br style=\"clear: both\" \/><dl class='gallery-item'>\n\t\t\t<dt class='gallery-icon landscape'>\n\t\t\t\t<a href='https:\/\/www.real.edu.ee\/ajaveeb\/arh134a\/2011\/03\/08\/stiili-sobranadal-14-02-18-02-2011\/img_0281\/'><img loading=\"lazy\" decoding=\"async\" width=\"150\" height=\"150\" src=\"https:\/\/www.real.edu.ee\/ajaveeb\/arh134a\/files\/2011\/03\/IMG_0281-150x150.jpg\" class=\"attachment-thumbnail size-thumbnail\" alt=\"\" \/><\/a>\n\t\t\t<\/dt><\/dl><dl class='gallery-item'>\n\t\t\t<dt class='gallery-icon landscape'>\n\t\t\t\t<a href='https:\/\/www.real.edu.ee\/ajaveeb\/arh134a\/2011\/03\/08\/stiili-sobranadal-14-02-18-02-2011\/img_0282\/'><img loading=\"lazy\" decoding=\"async\" width=\"150\" height=\"150\" src=\"https:\/\/www.real.edu.ee\/ajaveeb\/arh134a\/files\/2011\/03\/IMG_0282-150x150.jpg\" class=\"attachment-thumbnail size-thumbnail\" alt=\"\" \/><\/a>\n\t\t\t<\/dt><\/dl><dl class='gallery-item'>\n\t\t\t<dt class='gallery-icon landscape'>\n\t\t\t\t<a href='https:\/\/www.real.edu.ee\/ajaveeb\/arh134a\/2011\/03\/08\/stiili-sobranadal-14-02-18-02-2011\/img_0283\/'><img loading=\"lazy\" decoding=\"async\" width=\"150\" height=\"150\" src=\"https:\/\/www.real.edu.ee\/ajaveeb\/arh134a\/files\/2011\/03\/IMG_0283-150x150.jpg\" class=\"attachment-thumbnail size-thumbnail\" alt=\"\" \/><\/a>\n\t\t\t<\/dt><\/dl><br style=\"clear: both\" \/><dl class='gallery-item'>\n\t\t\t<dt class='gallery-icon landscape'>\n\t\t\t\t<a href='https:\/\/www.real.edu.ee\/ajaveeb\/arh134a\/2011\/03\/08\/stiili-sobranadal-14-02-18-02-2011\/img_0284\/'><img loading=\"lazy\" decoding=\"async\" width=\"150\" height=\"150\" src=\"https:\/\/www.real.edu.ee\/ajaveeb\/arh134a\/files\/2011\/03\/IMG_0284-150x150.jpg\" class=\"attachment-thumbnail size-thumbnail\" alt=\"\" \/><\/a>\n\t\t\t<\/dt><\/dl>\n\t\t\t<br style='clear: both' \/>\n\t\t<\/div>\n<\/p>\n","protected":false},"excerpt":{"rendered":"<p>Stiilin\u00e4dala esimesel p\u00e4eval panid s\u00f5brad end \u00fchtemoodi riidesse. Teisip\u00e4ev oli beebip\u00e4ev. Kolmap\u00e4ev- Mina t\u00e4iskasvanuna. Neljap\u00e4eval toimus DISKO, kus pidi esitlema klassis valmistatud s\u00f5brap\u00e4eva maskotti. Reedel oli liitklasside p\u00e4ev, kus sai erinevates klassides huvitavaid asju teha.<\/p>\n","protected":false},"author":1,"featured_media":0,"comment_status":"open","ping_status":"open","sticky":false,"template":"","format":"standard","meta":{"footnotes":""},"categories":[5],"tags":[],"class_list":["post-744","post","type-post","status-publish","format-standard","hentry","category-4-klassi-uritused"],"_links":{"self":[{"href":"https:\/\/www.real.edu.ee\/ajaveeb\/arh134a\/wp-json\/wp\/v2\/posts\/744","targetHints":{"allow":["GET"]}}],"collection":[{"href":"https:\/\/www.real.edu.ee\/ajaveeb\/arh134a\/wp-json\/wp\/v2\/posts"}],"about":[{"href":"https:\/\/www.real.edu.ee\/ajaveeb\/arh134a\/wp-json\/wp\/v2\/types\/post"}],"author":[{"embeddable":true,"href":"https:\/\/www.real.edu.ee\/ajaveeb\/arh134a\/wp-json\/wp\/v2\/users\/1"}],"replies":[{"embeddable":true,"href":"https:\/\/www.real.edu.ee\/ajaveeb\/arh134a\/wp-json\/wp\/v2\/comments?post=744"}],"version-history":[{"count":0,"href":"https:\/\/www.real.edu.ee\/ajaveeb\/arh134a\/wp-json\/wp\/v2\/posts\/744\/revisions"}],"wp:attachment":[{"href":"https:\/\/www.real.edu.ee\/ajaveeb\/arh134a\/wp-json\/wp\/v2\/media?parent=744"}],"wp:term":[{"taxonomy":"category","embeddable":true,"href":"https:\/\/www.real.edu.ee\/ajaveeb\/arh134a\/wp-json\/wp\/v2\/categories?post=744"},{"taxonomy":"post_tag","embeddable":true,"href":"https:\/\/www.real.edu.ee\/ajaveeb\/arh134a\/wp-json\/wp\/v2\/tags?post=744"}],"curies":[{"name":"wp","href":"https:\/\/api.w.org\/{rel}","templated":true}]}}