{"id":1250,"date":"2014-11-16T14:11:02","date_gmt":"2014-11-16T12:11:02","guid":{"rendered":"http:\/\/www.real.edu.ee\/ajaveeb\/134a\/?p=1250"},"modified":"2014-11-16T14:11:02","modified_gmt":"2014-11-16T12:11:02","slug":"1-september-3","status":"publish","type":"post","link":"https:\/\/www.real.edu.ee\/ajaveeb\/arh134a\/2014\/11\/16\/1-september-3\/","title":{"rendered":"1. september"},"content":{"rendered":"<p>1. septembril alustasime oma kooliteed 8.a klassis. Nagu tavaliselt, hakkas aktus kell 9 ning direktor Ene Saar pidas k\u00f5net, soovides meile ilusat ja edukat kooliaastat. P\u00e4rast aktust toimus meil ka klassijuhatajatund, kus saime n\u00e4ha, mitu poissi suvega pikemaks kasvanud on ja kes meist on suvel k\u00f5ige rohkem p\u00e4evitanud. V\u00e4ga tore oli j\u00e4lle n\u00e4ha oma armsat ja kokkuhoidvat klassi!<\/p>\n<p>Kirsika<\/p>\n<p><a href=\"http:\/\/www.real.edu.ee\/ajaveeb\/arh134a\/files\/2014\/11\/1.-sept.jpg\"><img loading=\"lazy\" decoding=\"async\" class=\"alignnone size-thumbnail wp-image-1251\" title=\"1. sept\" src=\"http:\/\/www.real.edu.ee\/ajaveeb\/arh134a\/files\/2014\/11\/1.-sept-150x150.jpg\" alt=\"\" width=\"150\" height=\"150\" \/><\/a><\/p>\n","protected":false},"excerpt":{"rendered":"<p>1. septembril alustasime oma kooliteed 8.a klassis. Nagu tavaliselt, hakkas aktus kell 9 ning direktor Ene Saar pidas k\u00f5net, soovides meile ilusat ja edukat kooliaastat. P\u00e4rast aktust toimus meil ka klassijuhatajatund, kus saime n\u00e4ha, mitu poissi suvega pikemaks kasvanud on ja kes meist on suvel k\u00f5ige rohkem p\u00e4evitanud. V\u00e4ga tore oli j\u00e4lle n\u00e4ha oma armsat [&hellip;]<\/p>\n","protected":false},"author":1,"featured_media":0,"comment_status":"open","ping_status":"open","sticky":false,"template":"","format":"standard","meta":{"footnotes":""},"categories":[10],"tags":[],"class_list":["post-1250","post","type-post","status-publish","format-standard","hentry","category-8-klassi-uritused"],"_links":{"self":[{"href":"https:\/\/www.real.edu.ee\/ajaveeb\/arh134a\/wp-json\/wp\/v2\/posts\/1250","targetHints":{"allow":["GET"]}}],"collection":[{"href":"https:\/\/www.real.edu.ee\/ajaveeb\/arh134a\/wp-json\/wp\/v2\/posts"}],"about":[{"href":"https:\/\/www.real.edu.ee\/ajaveeb\/arh134a\/wp-json\/wp\/v2\/types\/post"}],"author":[{"embeddable":true,"href":"https:\/\/www.real.edu.ee\/ajaveeb\/arh134a\/wp-json\/wp\/v2\/users\/1"}],"replies":[{"embeddable":true,"href":"https:\/\/www.real.edu.ee\/ajaveeb\/arh134a\/wp-json\/wp\/v2\/comments?post=1250"}],"version-history":[{"count":0,"href":"https:\/\/www.real.edu.ee\/ajaveeb\/arh134a\/wp-json\/wp\/v2\/posts\/1250\/revisions"}],"wp:attachment":[{"href":"https:\/\/www.real.edu.ee\/ajaveeb\/arh134a\/wp-json\/wp\/v2\/media?parent=1250"}],"wp:term":[{"taxonomy":"category","embeddable":true,"href":"https:\/\/www.real.edu.ee\/ajaveeb\/arh134a\/wp-json\/wp\/v2\/categories?post=1250"},{"taxonomy":"post_tag","embeddable":true,"href":"https:\/\/www.real.edu.ee\/ajaveeb\/arh134a\/wp-json\/wp\/v2\/tags?post=1250"}],"curies":[{"name":"wp","href":"https:\/\/api.w.org\/{rel}","templated":true}]}}