{"id":5,"date":"2007-11-08T13:05:37","date_gmt":"2007-11-08T11:05:37","guid":{"rendered":"http:\/\/www.real.edu.ee\/ajaveeb\/133b\/?p=5"},"modified":"2007-11-08T13:05:37","modified_gmt":"2007-11-08T11:05:37","slug":"isadepaev-2007","status":"publish","type":"post","link":"https:\/\/www.real.edu.ee\/ajaveeb\/arh133b\/2007\/11\/08\/isadepaev-2007\/","title":{"rendered":"Isadep\u00e4ev 2007"},"content":{"rendered":"<p><a href=\"http:\/\/users.emt.ee\/alar\/isadepaev_2007\/isadepaev_2007%20112.html\"><\/a><\/p>\n<p><a href=\"http:\/\/www.real.edu.ee\/ajaveeb\/133b\/wp-admin\/isadepaev_2007%20114.html\"><\/a><\/p>\n<p>Seekord toimus isadep\u00e4ev suures majas koos teiste algklassidega. \u00dcritusel tuli meisterdada ja nuputada, sportida ja klassi au \u00fcleval hoida eeskavaga. Meie lapsed ja isad said sellega h\u00e4sti hakkama &#8211; esitades d\u017eungli laulu ja tantsu. <a href=\"http:\/\/users.emt.ee\/alar\/isadepaev_2007\/isadepaev_2007%20113.html\" style=\"text-decoration: none\"><img loading=\"lazy\" decoding=\"async\" border=\"0\" width=\"80\" src=\"http:\/\/users.emt.ee\/alar\/isadepaev_2007\/thumb\/t_isadepaev_2007%20113.jpg\" alt=\"isadepaev_2007 113.jpg\" height=\"80\" \/><\/a>\u00a0<\/p>\n<p>\u00d5htu \u00f5petuseks lugesid ka \u00f5petajad luuletust ja laulsid laulu, et t\u00e4nada isasid kohale tulemast ja pidu nautimast.<\/p>\n<p>Kes hoolega vaatab, m\u00e4rkab isade kaelas ka huvitavaid lipse, mis k\u00f5ik laste poolt suure vaevaga tehti &#8211; k\u00f5ik oma kallitele issidele! <a href=\"http:\/\/users.emt.ee\/alar\/isadepaev_2007\/isadepaev_2007%20114.html\" style=\"text-decoration: none\"><img loading=\"lazy\" decoding=\"async\" border=\"0\" width=\"80\" src=\"http:\/\/users.emt.ee\/alar\/isadepaev_2007\/thumb\/t_isadepaev_2007%20114.jpg\" alt=\"isadepaev_2007 114.jpg\" height=\"80\" \/><\/a><a href=\"http:\/\/www.real.edu.ee\/ajaveeb\/133b\/wp-admin\/isadepaev_2007%20114.html\" style=\"text-decoration: none\"><\/a><\/p>\n<p>Loodame, et oli tore \u00f5htupoolik!<\/p>\n","protected":false},"excerpt":{"rendered":"<p>Seekord toimus isadep\u00e4ev suures majas koos teiste algklassidega. \u00dcritusel tuli meisterdada ja nuputada, sportida ja klassi au \u00fcleval hoida eeskavaga. Meie lapsed ja isad said sellega h\u00e4sti hakkama &#8211; esitades d\u017eungli laulu ja tantsu. \u00a0 \u00d5htu \u00f5petuseks lugesid ka \u00f5petajad luuletust ja laulsid laulu, et t\u00e4nada isasid kohale tulemast ja pidu nautimast. Kes hoolega vaatab, [&hellip;]<\/p>\n","protected":false},"author":1,"featured_media":0,"comment_status":"open","ping_status":"open","sticky":false,"template":"","format":"standard","meta":{"footnotes":""},"categories":[7],"tags":[],"class_list":["post-5","post","type-post","status-publish","format-standard","hentry","category-kooliuritus"],"_links":{"self":[{"href":"https:\/\/www.real.edu.ee\/ajaveeb\/arh133b\/wp-json\/wp\/v2\/posts\/5","targetHints":{"allow":["GET"]}}],"collection":[{"href":"https:\/\/www.real.edu.ee\/ajaveeb\/arh133b\/wp-json\/wp\/v2\/posts"}],"about":[{"href":"https:\/\/www.real.edu.ee\/ajaveeb\/arh133b\/wp-json\/wp\/v2\/types\/post"}],"author":[{"embeddable":true,"href":"https:\/\/www.real.edu.ee\/ajaveeb\/arh133b\/wp-json\/wp\/v2\/users\/1"}],"replies":[{"embeddable":true,"href":"https:\/\/www.real.edu.ee\/ajaveeb\/arh133b\/wp-json\/wp\/v2\/comments?post=5"}],"version-history":[{"count":0,"href":"https:\/\/www.real.edu.ee\/ajaveeb\/arh133b\/wp-json\/wp\/v2\/posts\/5\/revisions"}],"wp:attachment":[{"href":"https:\/\/www.real.edu.ee\/ajaveeb\/arh133b\/wp-json\/wp\/v2\/media?parent=5"}],"wp:term":[{"taxonomy":"category","embeddable":true,"href":"https:\/\/www.real.edu.ee\/ajaveeb\/arh133b\/wp-json\/wp\/v2\/categories?post=5"},{"taxonomy":"post_tag","embeddable":true,"href":"https:\/\/www.real.edu.ee\/ajaveeb\/arh133b\/wp-json\/wp\/v2\/tags?post=5"}],"curies":[{"name":"wp","href":"https:\/\/api.w.org\/{rel}","templated":true}]}}