{"id":1028,"date":"2010-01-21T07:45:05","date_gmt":"2010-01-21T05:45:05","guid":{"rendered":"http:\/\/www.real.edu.ee\/ajaveeb\/133b\/?p=1028"},"modified":"2010-01-21T07:45:05","modified_gmt":"2010-01-21T05:45:05","slug":"rmk-aegviidu-looduskeskus-kuulutab-valja","status":"publish","type":"post","link":"https:\/\/www.real.edu.ee\/ajaveeb\/arh133b\/2010\/01\/21\/rmk-aegviidu-looduskeskus-kuulutab-valja\/","title":{"rendered":"RMK Aegviidu Looduskeskus kuulutab v\u00e4lja"},"content":{"rendered":"<table class=\"MsoNormalTable\" style=\"width: 95%\" border=\"0\" cellspacing=\"0\" cellpadding=\"0\" width=\"95%\">\n<tbody>\n<tr>\n<td style=\"padding: 0cm\">\n<h4 style=\"margin: 0cm 0cm 0pt\"><em><strong><em><span style=\"font-size: x-large;color: #000000;font-family: Times New Roman\"><span style=\"font-size: 24pt;color: black\">\u201cEesti imelised maastikud\u201d<\/span><\/span><\/em><\/strong><\/em><\/h4>\n<h4 style=\"margin: 0cm 0cm 0pt\"><strong><span style=\"font-size: xx-small;color: #333333;font-family: Arial\"><span style=\"font-size: 8pt;color: #333333;font-family: Arial\"> <\/span><\/span><\/strong><em><em><span style=\"font-size: medium;color: #000000;font-family: Times New Roman\"><span style=\"font-size: 14pt;color: black\">Traditsiooniks saanud konkurssi korraldame Harjumaa koolidele juba kaheksandat korda, lisaks on osalema kutsutud ka \u00fcmbruskonna koolid J\u00e4rvamaalt ja L\u00e4\u00e4ne-Virumaalt.<\/span><\/span><\/em><\/em><\/h4>\n<p class=\"MsoNormal\"><em><span style=\"font-size: medium;color: #000000;font-family: Times New Roman\"><span style=\"font-size: 14pt;color: black;font-style: italic\">Konkursi t\u00f6\u00f6de p\u00f5hiliseks formaadiks on ikka 10 x 15cm v\u00f5i 20 x 30 cm , kuid\u00a0 saata v\u00f5ib ka suuremaid pilte.<\/span><\/span><\/em><\/p>\n<p class=\"MsoNormal\"><em><span style=\"font-size: medium;color: #000000;font-family: Times New Roman\"><span style=\"font-size: 14pt;color: black;font-style: italic\">Foto tagak\u00fcljele kirjutage oma andmed (autori ees- ja perekonnanimi, vanus, klass, kool ja v\u00f5istlust\u00f6\u00f6 pealkiri. NB! Tehke seda hariliku pliiatsiga, pilti kahjustamata ).\u00dchelt autorilt kuni 2 fotot paberkandjal!<\/span><\/span><\/em><\/p>\n<p class=\"MsoNormal\"><em><span style=\"font-size: medium;color: #333333;font-family: Times New Roman\"><span style=\"font-size: 14pt;color: #333333;font-style: italic\"> V\u00f5imaluse korral fotod tagastatakse p\u00e4rast n\u00e4ituse l\u00f5ppu.<br \/>\n<\/span><\/span><\/em><\/p>\n<h4 style=\"margin: 0cm 0cm 0pt\"><em><strong><em><span style=\"font-size: large;color: #000000;font-family: Times New Roman\"><span style=\"font-size: 18pt;color: black\">Fotod tuleks hiljemalt <\/span><\/span><\/em><\/strong><\/em><em><em><span style=\"font-size: large;color: #000000;font-family: Times New Roman\"><span style=\"font-size: 18pt;color: black\">10. m\u00e4rtsiks <\/span><\/span><\/em><\/em><em><em><span style=\"font-size: large;color: #000000;font-family: Times New Roman\"><span style=\"font-size: 18pt;color: black\"> saata aadressil:<\/span><\/span><\/em><\/em><em><strong><em><span style=\"font-size: large;color: #000000;font-family: Times New Roman\"><span style=\"font-weight: bold;font-size: 16pt;color: black\"> Jaama tn 7 Aegviidu 74 501 Harjumaa.<\/span><\/span><\/em><\/strong><\/em><\/h4>\n<p class=\"MsoNormal\"><span style=\"font-size: medium;color: #333333;font-family: Times New Roman\"><span style=\"font-size: 14pt;color: #333333\"> <\/span><\/span><em><span style=\"font-size: medium;color: #000000;font-family: Times New Roman\"><span style=\"font-size: 14pt;color: black;font-style: italic\">Auhindamine toimub 3 vanuseklassis:<\/span><\/span><\/em><\/p>\n<p class=\"MsoNormal\"><em><span style=\"font-size: medium;color: #000000;font-family: Times New Roman\"><span style=\"font-size: 14pt;color: black;font-style: italic\"> 1.-5. klassi \u00f5pilased <\/span><\/span><\/em><\/p>\n<p class=\"MsoNormal\"><em><span style=\"font-size: medium;color: #000000;font-family: Times New Roman\"><span style=\"font-size: 14pt;color: black;font-style: italic\">6.-9. klassi \u00f5pilased<\/span><\/span><\/em><\/p>\n<p class=\"MsoNormal\"><em><span style=\"font-size: medium;color: #000000;font-family: Times New Roman\"><span style=\"font-size: 14pt;color: black;font-style: italic\">10.-12. klassi \u00f5pilased <\/span><\/span><\/em><\/p>\n<p class=\"MsoNormal\"><em><span style=\"font-size: medium;color: #000000;font-family: Times New Roman\"><span style=\"font-size: 14pt;color: black;font-style: italic\">Auhindadega tunnustatakse ka parimate noorte fotograafide juhendajaid-\u00f5petajaid.<\/span><\/span><\/em><\/p>\n<p class=\"MsoNormal\"><em><span style=\"font-size: medium;color: #000000;font-family: Times New Roman\"><span style=\"font-size: 14pt;color: black;font-style: italic\">Parematest fotodest pannakse RMK Aegviidu Looduskeskuses \u00fcles n\u00e4itus.<\/span><\/span><\/em><\/p>\n<p class=\"MsoNormal\"><strong><em><span style=\"font-size: xx-small;color: #333333;font-family: Times New Roman\"><span style=\"font-weight: bold;font-size: 8pt;color: #333333;font-style: italic\">Auhinnad antakse k\u00e4tte konkursi l\u00f5pu\u00fcritusel \u2013 Loodusfotop\u00e4eval\u00a0 26. m\u00e4rtsil Aegviidu looduskeskuses. Oodatud on k\u00f5ik konkursist osa v\u00f5tnud \u00f5pilased koos juhendajate-\u00f5petajatega, soovi korral ka vanematega.<\/span><\/span><\/em><\/strong><em><span style=\"font-size: small;color: #333333;font-family: Times New Roman\"><span style=\"font-size: 12pt;color: #333333;font-style: italic\"><br \/>\n<\/span><\/span><\/em><\/p>\n<p class=\"MsoBodyText\" style=\"margin: 0cm 0cm 0pt\"><strong><strong><em><span style=\"font-size: large;color: #000000;font-family: Times New Roman\"><span style=\"font-size: 16pt;color: black;font-style: italic\">Info ja kontakt tel. 60 47 212\u00a0 v\u00f5i\u00a0 534\u00a0405 49<\/span><\/span><\/em><\/strong><\/strong><em><em><span style=\"font-size: large;color: #000000;font-family: Times New Roman\"><span style=\"font-size: 16pt;color: black\"> <\/span><\/span><\/em><\/em><em><em><span style=\"font-size: large;font-family: Times New Roman\"><span style=\"font-size: 16pt\"><a href=\"http:\/\/www.real.edu.ee\/ajaveeb\/133b\/wp-admin\/redir.aspx?C=37a4292826b64d8a9a1c957d5234d917&amp;URL=mailto%3aaegviidu.looduskeskus%40rmk.ee\"><strong><span style=\"font-size: xx-small;color: #003366;font-family: Arial\"><span style=\"font-weight: bold;font-size: 9pt;font-family: Arial\">aegviidu.looduskeskus@rmk.ee<\/span><\/span><\/strong><\/a><\/span><\/span><\/em><\/em><\/p>\n<p class=\"MsoBodyText\" style=\"margin: 0cm 0cm 0pt\"><span style=\"font-size: xx-small;color: #333333;font-family: Arial\"><span style=\"font-size: 9pt\"> <\/span><\/span><\/p>\n<p class=\"MsoNormal\"><span style=\"font-size: x-small;color: #000000;font-family: Times New Roman\"><span style=\"font-size: 11pt;color: black;letter-spacing: 0.3pt\">Loodus ise imeline ja pakub inspiratsiooni. Ootame Teie osav\u00f5ttu!<br \/>\n<\/span><\/span><\/td>\n<\/tr>\n<tr>\n<td style=\"padding: 0cm\">\n<p class=\"MsoNormal\"><span style=\"font-size: xx-small;color: #333333;font-family: Arial\"><span style=\"font-size: 9pt;color: #333333;font-family: Arial\"><img id=\"_x0000_i1028\" border=\"0\" alt=\"\" width=\"1\" height=\"10\" \/><\/span><\/span><\/p>\n<\/td>\n<\/tr>\n<\/tbody>\n<\/table>\n","protected":false},"excerpt":{"rendered":"<p>\u201cEesti imelised maastikud\u201d Traditsiooniks saanud konkurssi korraldame Harjumaa koolidele juba kaheksandat korda, lisaks on osalema kutsutud ka \u00fcmbruskonna koolid J\u00e4rvamaalt ja L\u00e4\u00e4ne-Virumaalt. Konkursi t\u00f6\u00f6de p\u00f5hiliseks formaadiks on ikka 10 x 15cm v\u00f5i 20 x 30 cm , kuid\u00a0 saata v\u00f5ib ka suuremaid pilte. Foto tagak\u00fcljele kirjutage oma andmed (autori ees- ja perekonnanimi, vanus, klass, kool [&hellip;]<\/p>\n","protected":false},"author":1,"featured_media":0,"comment_status":"open","ping_status":"open","sticky":false,"template":"","format":"standard","meta":{"footnotes":""},"categories":[6],"tags":[],"class_list":["post-1028","post","type-post","status-publish","format-standard","hentry","category-konkurs"],"_links":{"self":[{"href":"https:\/\/www.real.edu.ee\/ajaveeb\/arh133b\/wp-json\/wp\/v2\/posts\/1028","targetHints":{"allow":["GET"]}}],"collection":[{"href":"https:\/\/www.real.edu.ee\/ajaveeb\/arh133b\/wp-json\/wp\/v2\/posts"}],"about":[{"href":"https:\/\/www.real.edu.ee\/ajaveeb\/arh133b\/wp-json\/wp\/v2\/types\/post"}],"author":[{"embeddable":true,"href":"https:\/\/www.real.edu.ee\/ajaveeb\/arh133b\/wp-json\/wp\/v2\/users\/1"}],"replies":[{"embeddable":true,"href":"https:\/\/www.real.edu.ee\/ajaveeb\/arh133b\/wp-json\/wp\/v2\/comments?post=1028"}],"version-history":[{"count":0,"href":"https:\/\/www.real.edu.ee\/ajaveeb\/arh133b\/wp-json\/wp\/v2\/posts\/1028\/revisions"}],"wp:attachment":[{"href":"https:\/\/www.real.edu.ee\/ajaveeb\/arh133b\/wp-json\/wp\/v2\/media?parent=1028"}],"wp:term":[{"taxonomy":"category","embeddable":true,"href":"https:\/\/www.real.edu.ee\/ajaveeb\/arh133b\/wp-json\/wp\/v2\/categories?post=1028"},{"taxonomy":"post_tag","embeddable":true,"href":"https:\/\/www.real.edu.ee\/ajaveeb\/arh133b\/wp-json\/wp\/v2\/tags?post=1028"}],"curies":[{"name":"wp","href":"https:\/\/api.w.org\/{rel}","templated":true}]}}