{"id":1262,"date":"2014-10-17T17:27:35","date_gmt":"2014-10-17T15:27:35","guid":{"rendered":"http:\/\/www.real.edu.ee\/ajaveeb\/133a\/?p=1262"},"modified":"2014-10-17T17:27:35","modified_gmt":"2014-10-17T15:27:35","slug":"esimene-september","status":"publish","type":"post","link":"https:\/\/www.real.edu.ee\/ajaveeb\/arh133a\/2014\/10\/17\/esimene-september\/","title":{"rendered":"Esimene september"},"content":{"rendered":"<p>Esimesel septembril alustasime oma uut ja \u00fchtlasi ka viimast kooliaastat, mille veedame koos \u00fche klassina. Kooli staadionil toimus aktus, nagu ka eelmistel aastatel. Ene Saar pidas  direktorina k\u00f5ne, ning paistis, et nii m\u00f5nigi meist kuulas t\u00e4helepanelikumalt kui eelmistel aktustel. Peale aktust toimus klassijuhatajatund ning \u00fches klassiruumis koos istudes j\u00f5udis l\u00f5plikult kohale, et meid ootab ees viimane \u00fchine aasta ning muidugi ka eksamid.<\/p>\n","protected":false},"excerpt":{"rendered":"<p>Esimesel septembril alustasime oma uut ja \u00fchtlasi ka viimast kooliaastat, mille veedame koos \u00fche klassina. Kooli staadionil toimus aktus, nagu ka eelmistel aastatel. Ene Saar pidas direktorina k\u00f5ne, ning paistis, et nii m\u00f5nigi meist kuulas t\u00e4helepanelikumalt kui eelmistel aktustel. Peale aktust toimus klassijuhatajatund ning \u00fches klassiruumis koos istudes j\u00f5udis l\u00f5plikult kohale, et meid ootab ees [&hellip;]<\/p>\n","protected":false},"author":1,"featured_media":0,"comment_status":"open","ping_status":"open","sticky":false,"template":"","format":"standard","meta":{"footnotes":""},"categories":[6],"tags":[],"class_list":["post-1262","post","type-post","status-publish","format-standard","hentry","category-9-kl"],"_links":{"self":[{"href":"https:\/\/www.real.edu.ee\/ajaveeb\/arh133a\/wp-json\/wp\/v2\/posts\/1262","targetHints":{"allow":["GET"]}}],"collection":[{"href":"https:\/\/www.real.edu.ee\/ajaveeb\/arh133a\/wp-json\/wp\/v2\/posts"}],"about":[{"href":"https:\/\/www.real.edu.ee\/ajaveeb\/arh133a\/wp-json\/wp\/v2\/types\/post"}],"author":[{"embeddable":true,"href":"https:\/\/www.real.edu.ee\/ajaveeb\/arh133a\/wp-json\/wp\/v2\/users\/1"}],"replies":[{"embeddable":true,"href":"https:\/\/www.real.edu.ee\/ajaveeb\/arh133a\/wp-json\/wp\/v2\/comments?post=1262"}],"version-history":[{"count":0,"href":"https:\/\/www.real.edu.ee\/ajaveeb\/arh133a\/wp-json\/wp\/v2\/posts\/1262\/revisions"}],"wp:attachment":[{"href":"https:\/\/www.real.edu.ee\/ajaveeb\/arh133a\/wp-json\/wp\/v2\/media?parent=1262"}],"wp:term":[{"taxonomy":"category","embeddable":true,"href":"https:\/\/www.real.edu.ee\/ajaveeb\/arh133a\/wp-json\/wp\/v2\/categories?post=1262"},{"taxonomy":"post_tag","embeddable":true,"href":"https:\/\/www.real.edu.ee\/ajaveeb\/arh133a\/wp-json\/wp\/v2\/tags?post=1262"}],"curies":[{"name":"wp","href":"https:\/\/api.w.org\/{rel}","templated":true}]}}