{"id":1240,"date":"2013-05-14T17:13:30","date_gmt":"2013-05-14T15:13:30","guid":{"rendered":"http:\/\/www.real.edu.ee\/ajaveeb\/133a\/?p=1240"},"modified":"2013-05-14T17:13:30","modified_gmt":"2013-05-14T15:13:30","slug":"kuutsemagi-2","status":"publish","type":"post","link":"https:\/\/www.real.edu.ee\/ajaveeb\/arh133a\/2013\/05\/14\/kuutsemagi-2\/","title":{"rendered":"Kuutsem\u00e4gi"},"content":{"rendered":"<p style=\"text-align: left\">Sellel aastal k\u00e4isime j\u00e4llegi talvel Kuutsem\u00e4el suusatamas. Seekord k\u00e4isime j\u00e4lle koos 6da klassiga. Reisile startisime kooli eest kell 8. Bussi s\u00f5it oli \u00fcpris igav, pidi palju istuma, aga noh sellise seltskonnaga mis see s\u00f5it \u00e4ra ei ole, tegelikult oli l\u00f5bus. J\u00f5udsime Kuutsem\u00e4ele umbes 11. Saime toad k\u00e4tte, panime asjad tuppa ja tormasime m\u00e4ele. Terve p\u00e4eva olime m\u00e4el, vahepeal k\u00e4isime s\u00f6\u00f6mas l\u00f5unat ja j\u00e4lle tagasi m\u00e4gedele. \u00d5htupoole l\u00e4ksime k\u00f6\u00f6kidesse ise s\u00fc\u00fca tegema ning s\u00f5ime \u00f5htust ja nagu alati on kuutsem\u00e4e ajal Kristoferi s\u00fcnnip\u00e4ev, s\u00f5ime kooki ja laulsime s\u00fcnnip\u00e4eva laulu talle. Seekord kahjuks saunas ei k\u00e4inud, aga \u00f5htu oli siiski tore. Olime erinevates tubades ja niisama r\u00e4\u00e4kisime. Paljud j\u00e4id \u00fcsna vara magama. Siis avanes meil v\u00f5imalus ka pasteerida \ud83d\ude00 L\u00f5puks l\u00e4ksid k\u00f5ik magama. Hommikul oli vara \u00e4rkamine. S\u00f5ime hommikust ja j\u00e4llegi panime riided selga ja l\u00e4ksime m\u00e4ele. S\u00f5itsime poole p\u00e4evani, seej\u00e4rel l\u00e4ksime asju kokku panema ja s\u00e4ttisime bussile. J\u00f5udsime \u00fcpris hilja koju. Kokkuv\u00f5ttes oli v\u00e4ga tore reis. Usun, et k\u00e4igile meeldis \ud83d\ude42<img loading=\"lazy\" decoding=\"async\" class=\"aligncenter size-medium wp-image-1242\" title=\"dscn1569\" src=\"http:\/\/www.real.edu.ee\/ajaveeb\/arh133a\/files\/2013\/05\/dscn15691-300x225.jpg\" alt=\"dscn1569\" width=\"300\" height=\"225\" \/><\/p>\n","protected":false},"excerpt":{"rendered":"<p>Sellel aastal k\u00e4isime j\u00e4llegi talvel Kuutsem\u00e4el suusatamas. Seekord k\u00e4isime j\u00e4lle koos 6da klassiga. Reisile startisime kooli eest kell 8. Bussi s\u00f5it oli \u00fcpris igav, pidi palju istuma, aga noh sellise seltskonnaga mis see s\u00f5it \u00e4ra ei ole, tegelikult oli l\u00f5bus. J\u00f5udsime Kuutsem\u00e4ele umbes 11. Saime toad k\u00e4tte, panime asjad tuppa ja tormasime m\u00e4ele. Terve p\u00e4eva [&hellip;]<\/p>\n","protected":false},"author":1,"featured_media":0,"comment_status":"open","ping_status":"open","sticky":false,"template":"","format":"standard","meta":{"footnotes":""},"categories":[1],"tags":[],"class_list":["post-1240","post","type-post","status-publish","format-standard","hentry","category-maaratlemata"],"_links":{"self":[{"href":"https:\/\/www.real.edu.ee\/ajaveeb\/arh133a\/wp-json\/wp\/v2\/posts\/1240","targetHints":{"allow":["GET"]}}],"collection":[{"href":"https:\/\/www.real.edu.ee\/ajaveeb\/arh133a\/wp-json\/wp\/v2\/posts"}],"about":[{"href":"https:\/\/www.real.edu.ee\/ajaveeb\/arh133a\/wp-json\/wp\/v2\/types\/post"}],"author":[{"embeddable":true,"href":"https:\/\/www.real.edu.ee\/ajaveeb\/arh133a\/wp-json\/wp\/v2\/users\/1"}],"replies":[{"embeddable":true,"href":"https:\/\/www.real.edu.ee\/ajaveeb\/arh133a\/wp-json\/wp\/v2\/comments?post=1240"}],"version-history":[{"count":0,"href":"https:\/\/www.real.edu.ee\/ajaveeb\/arh133a\/wp-json\/wp\/v2\/posts\/1240\/revisions"}],"wp:attachment":[{"href":"https:\/\/www.real.edu.ee\/ajaveeb\/arh133a\/wp-json\/wp\/v2\/media?parent=1240"}],"wp:term":[{"taxonomy":"category","embeddable":true,"href":"https:\/\/www.real.edu.ee\/ajaveeb\/arh133a\/wp-json\/wp\/v2\/categories?post=1240"},{"taxonomy":"post_tag","embeddable":true,"href":"https:\/\/www.real.edu.ee\/ajaveeb\/arh133a\/wp-json\/wp\/v2\/tags?post=1240"}],"curies":[{"name":"wp","href":"https:\/\/api.w.org\/{rel}","templated":true}]}}