{"id":55,"date":"2011-09-21T13:45:38","date_gmt":"2011-09-21T13:45:38","guid":{"rendered":"http:\/\/www.real.edu.ee\/ajaveeb\/132c\/?p=55"},"modified":"2011-09-21T13:45:38","modified_gmt":"2011-09-21T13:45:38","slug":"teadlaste-oo","status":"publish","type":"post","link":"https:\/\/www.real.edu.ee\/ajaveeb\/arh132c\/2011\/09\/21\/teadlaste-oo\/","title":{"rendered":"Teadlaste \u00f6\u00f6."},"content":{"rendered":"<p>Ekslikult arvatakse, et teadlased on igavad prillidega hallid kujud, kes istuvad laborih\u00e4maruses ning teistega v\u00e4ga ei suhtle. See on aga t\u00e4iesti vale! Teadlased on v\u00e4ga huvitavad inimesed, kes oskavad oma tegemistest ka haaravalt r\u00e4\u00e4kida.<br \/>\nEt selles ise veenduda, tulge kindlasti reedel, 23. septembril Teadlaste \u00d6\u00f6le, kus toimub enam kui kolmsada p\u00f5nevat teaduss\u00fcndmust \u00fcle Eesti. <a href=\"http:\/\/www.real.edu.ee\/ajaveeb\/arh132c\/files\/2011\/09\/gfgf.jpg\"><img loading=\"lazy\" decoding=\"async\" class=\"size-medium wp-image-56 alignleft\" alt=\"\" src=\"http:\/\/www.real.edu.ee\/ajaveeb\/arh132c\/files\/2011\/09\/gfgf-300x134.jpg\" width=\"300\" height=\"134\" srcset=\"https:\/\/www.real.edu.ee\/ajaveeb\/arh132c\/files\/2011\/09\/gfgf-300x134.jpg 300w, https:\/\/www.real.edu.ee\/ajaveeb\/arh132c\/files\/2011\/09\/gfgf.jpg 371w\" sizes=\"auto, (max-width: 300px) 100vw, 300px\" \/><\/a><\/p>\n<p>Teadlaste \u00d6\u00f6 \u00fcritused 23. septembril toimuvad ka\u00a0 Tallinna Reaalkooli suures majas. (T\u00e4psemalt vaata <a title=\"Teadlaste \u00f6\u00f6\" href=\"http:\/\/www.ahhaa.ee\/TeadlasteOo2011\/?tallinn\" target=\"_blank\">http:\/\/www.ahhaa.ee\/TeadlasteOo2011\/?tallinn<\/a>)<\/p>\n<p>Tasub minna !! \ud83d\ude42<\/p>\n<p>&nbsp;<\/p>\n","protected":false},"excerpt":{"rendered":"<p>Ekslikult arvatakse, et teadlased on igavad prillidega hallid kujud, kes istuvad laborih\u00e4maruses ning teistega v\u00e4ga ei suhtle. See on aga t\u00e4iesti vale! Teadlased on v\u00e4ga huvitavad inimesed, kes oskavad oma tegemistest ka haaravalt r\u00e4\u00e4kida. Et selles ise veenduda, tulge kindlasti reedel, 23. septembril Teadlaste \u00d6\u00f6le, kus toimub enam kui kolmsada p\u00f5nevat teaduss\u00fcndmust \u00fcle Eesti. Teadlaste [&hellip;]<\/p>\n","protected":false},"author":1,"featured_media":0,"comment_status":"open","ping_status":"open","sticky":false,"template":"","format":"standard","meta":{"footnotes":""},"categories":[2],"tags":[],"class_list":["post-55","post","type-post","status-publish","format-standard","hentry","category-7-c"],"_links":{"self":[{"href":"https:\/\/www.real.edu.ee\/ajaveeb\/arh132c\/wp-json\/wp\/v2\/posts\/55","targetHints":{"allow":["GET"]}}],"collection":[{"href":"https:\/\/www.real.edu.ee\/ajaveeb\/arh132c\/wp-json\/wp\/v2\/posts"}],"about":[{"href":"https:\/\/www.real.edu.ee\/ajaveeb\/arh132c\/wp-json\/wp\/v2\/types\/post"}],"author":[{"embeddable":true,"href":"https:\/\/www.real.edu.ee\/ajaveeb\/arh132c\/wp-json\/wp\/v2\/users\/1"}],"replies":[{"embeddable":true,"href":"https:\/\/www.real.edu.ee\/ajaveeb\/arh132c\/wp-json\/wp\/v2\/comments?post=55"}],"version-history":[{"count":0,"href":"https:\/\/www.real.edu.ee\/ajaveeb\/arh132c\/wp-json\/wp\/v2\/posts\/55\/revisions"}],"wp:attachment":[{"href":"https:\/\/www.real.edu.ee\/ajaveeb\/arh132c\/wp-json\/wp\/v2\/media?parent=55"}],"wp:term":[{"taxonomy":"category","embeddable":true,"href":"https:\/\/www.real.edu.ee\/ajaveeb\/arh132c\/wp-json\/wp\/v2\/categories?post=55"},{"taxonomy":"post_tag","embeddable":true,"href":"https:\/\/www.real.edu.ee\/ajaveeb\/arh132c\/wp-json\/wp\/v2\/tags?post=55"}],"curies":[{"name":"wp","href":"https:\/\/api.w.org\/{rel}","templated":true}]}}