{"id":171,"date":"2012-01-22T17:03:47","date_gmt":"2012-01-22T17:03:47","guid":{"rendered":"http:\/\/www.real.edu.ee\/ajaveeb\/132c\/?p=171"},"modified":"2012-01-22T17:03:47","modified_gmt":"2012-01-22T17:03:47","slug":"kameruni-lapsed","status":"publish","type":"post","link":"https:\/\/www.real.edu.ee\/ajaveeb\/arh132c\/2012\/01\/22\/kameruni-lapsed\/","title":{"rendered":"Kameruni lapsed"},"content":{"rendered":"<p>Detsembris oli k\u00e4imas projekt &#8221;Viime j\u00f5ulud Kameruni&#8221;, koost\u00f6\u00f6s reaalkooli vilistlastega.<br \/>\nJ\u00f5ulude ajal otsustasimegi klassiga annetada Kameruni lastele \u00f5ppevahendeid-pliiatseid, vihikuid, teritajaid jne. Kingituse andsime pidulikult \u00fcle eesti keele tunnis.<br \/>\nLoodame, et Kameruni laste j\u00f5ulud m\u00f6\u00f6dusid meeleolukalt:)<br \/>\n\n\t\t<style type=\"text\/css\">\n\t\t\t#gallery-1 {\n\t\t\t\tmargin: auto;\n\t\t\t}\n\t\t\t#gallery-1 .gallery-item {\n\t\t\t\tfloat: left;\n\t\t\t\tmargin-top: 10px;\n\t\t\t\ttext-align: center;\n\t\t\t\twidth: 50%;\n\t\t\t}\n\t\t\t#gallery-1 img {\n\t\t\t\tborder: 2px solid #cfcfcf;\n\t\t\t}\n\t\t\t#gallery-1 .gallery-caption {\n\t\t\t\tmargin-left: 0;\n\t\t\t}\n\t\t\t\/* see gallery_shortcode() in wp-includes\/media.php *\/\n\t\t<\/style>\n\t\t<div id='gallery-1' class='gallery galleryid-171 gallery-columns-2 gallery-size-thumbnail'><dl class='gallery-item'>\n\t\t\t<dt class='gallery-icon portrait'>\n\t\t\t\t<a href='https:\/\/www.real.edu.ee\/ajaveeb\/arh132c\/files\/2012\/01\/kamerun1.jpg'><img loading=\"lazy\" decoding=\"async\" width=\"150\" height=\"150\" src=\"https:\/\/www.real.edu.ee\/ajaveeb\/arh132c\/files\/2012\/01\/kamerun1-150x150.jpg\" class=\"attachment-thumbnail size-thumbnail\" alt=\"\" \/><\/a>\n\t\t\t<\/dt><\/dl><dl class='gallery-item'>\n\t\t\t<dt class='gallery-icon landscape'>\n\t\t\t\t<a href='https:\/\/www.real.edu.ee\/ajaveeb\/arh132c\/files\/2012\/01\/kamerun2.jpg'><img loading=\"lazy\" decoding=\"async\" width=\"150\" height=\"150\" src=\"https:\/\/www.real.edu.ee\/ajaveeb\/arh132c\/files\/2012\/01\/kamerun2-150x150.jpg\" class=\"attachment-thumbnail size-thumbnail\" alt=\"\" \/><\/a>\n\t\t\t<\/dt><\/dl><br style=\"clear: both\" \/>\n\t\t<\/div>\n<br \/>\nK\u00e4rt<\/p>\n","protected":false},"excerpt":{"rendered":"<p>Detsembris oli k\u00e4imas projekt &#8221;Viime j\u00f5ulud Kameruni&#8221;, koost\u00f6\u00f6s reaalkooli vilistlastega. J\u00f5ulude ajal otsustasimegi klassiga annetada Kameruni lastele \u00f5ppevahendeid-pliiatseid, vihikuid, teritajaid jne. Kingituse andsime pidulikult \u00fcle eesti keele tunnis. Loodame, et Kameruni laste j\u00f5ulud m\u00f6\u00f6dusid meeleolukalt:) K\u00e4rt<\/p>\n","protected":false},"author":1,"featured_media":0,"comment_status":"open","ping_status":"open","sticky":false,"template":"","format":"standard","meta":{"footnotes":""},"categories":[2],"tags":[],"class_list":["post-171","post","type-post","status-publish","format-standard","hentry","category-7-c"],"_links":{"self":[{"href":"https:\/\/www.real.edu.ee\/ajaveeb\/arh132c\/wp-json\/wp\/v2\/posts\/171","targetHints":{"allow":["GET"]}}],"collection":[{"href":"https:\/\/www.real.edu.ee\/ajaveeb\/arh132c\/wp-json\/wp\/v2\/posts"}],"about":[{"href":"https:\/\/www.real.edu.ee\/ajaveeb\/arh132c\/wp-json\/wp\/v2\/types\/post"}],"author":[{"embeddable":true,"href":"https:\/\/www.real.edu.ee\/ajaveeb\/arh132c\/wp-json\/wp\/v2\/users\/1"}],"replies":[{"embeddable":true,"href":"https:\/\/www.real.edu.ee\/ajaveeb\/arh132c\/wp-json\/wp\/v2\/comments?post=171"}],"version-history":[{"count":0,"href":"https:\/\/www.real.edu.ee\/ajaveeb\/arh132c\/wp-json\/wp\/v2\/posts\/171\/revisions"}],"wp:attachment":[{"href":"https:\/\/www.real.edu.ee\/ajaveeb\/arh132c\/wp-json\/wp\/v2\/media?parent=171"}],"wp:term":[{"taxonomy":"category","embeddable":true,"href":"https:\/\/www.real.edu.ee\/ajaveeb\/arh132c\/wp-json\/wp\/v2\/categories?post=171"},{"taxonomy":"post_tag","embeddable":true,"href":"https:\/\/www.real.edu.ee\/ajaveeb\/arh132c\/wp-json\/wp\/v2\/tags?post=171"}],"curies":[{"name":"wp","href":"https:\/\/api.w.org\/{rel}","templated":true}]}}