{"id":71,"date":"2010-02-22T12:05:41","date_gmt":"2010-02-22T09:05:41","guid":{"rendered":"http:\/\/www.real.edu.ee\/ajaveeb\/132b\/?p=71"},"modified":"2010-02-22T12:05:41","modified_gmt":"2010-02-22T09:05:41","slug":"tallinna-reaalkooli-joulukontsert-estonias","status":"publish","type":"post","link":"https:\/\/www.real.edu.ee\/ajaveeb\/arh132b\/2010\/02\/22\/tallinna-reaalkooli-joulukontsert-estonias\/","title":{"rendered":"Tallinna Reaalkooli j\u00f5ulukontsert Estonias"},"content":{"rendered":"<p>Tallinna Reaalkooli j\u00f5ulukontsert<\/p>\n<p>Meie k\u00e4isime talvel(16.12.09) Estonia teatris klassiga vaatamas Reaalkooli j\u00f5ulukontserdit kus esinesid paljud Tallinna Reaalkooli \u00f5pilased ja ka vilistlased. Kontsert oli v\u00e4ga huvitav ja kestis umbes kaks tundi. Seal olid nii v\u00f5imlejad, tantsijad kui ka lauljad kes said oma \u00fclesannetega v\u00e4ga h\u00e4sti hakkama ja kontsert tuli v\u00e4ga h\u00e4sti v\u00e4lja. Kontsert hakkas kell kuus ja l\u00f5ppes kell kaheksa ning sisaldas ka poole tunnist vaheaega mille ajal k\u00e4idi kohvikus. See kontsert meeldis k\u00f5igile.<\/p>\n<p>Marie-Helene Allik<\/p>\n<p>Harald Kristjan Reemets<\/p>\n<p>Rebecca P\u00f5ldma<\/p>\n<p>Klaus V\u00e4ndre<\/p>\n<p>Joosep Pihelgas<\/p>\n","protected":false},"excerpt":{"rendered":"<p>Tallinna Reaalkooli j\u00f5ulukontsert Meie k\u00e4isime talvel(16.12.09) Estonia teatris klassiga vaatamas Reaalkooli j\u00f5ulukontserdit kus esinesid paljud Tallinna Reaalkooli \u00f5pilased ja ka vilistlased. Kontsert oli v\u00e4ga huvitav ja kestis umbes kaks tundi. Seal olid nii v\u00f5imlejad, tantsijad kui ka lauljad kes said oma \u00fclesannetega v\u00e4ga h\u00e4sti hakkama ja kontsert tuli v\u00e4ga h\u00e4sti v\u00e4lja. Kontsert hakkas kell kuus [&hellip;]<\/p>\n","protected":false},"author":1,"featured_media":0,"comment_status":"open","ping_status":"open","sticky":false,"template":"","format":"standard","meta":{"footnotes":""},"categories":[1],"tags":[],"class_list":["post-71","post","type-post","status-publish","format-standard","hentry","category-maaratlemata"],"_links":{"self":[{"href":"https:\/\/www.real.edu.ee\/ajaveeb\/arh132b\/wp-json\/wp\/v2\/posts\/71","targetHints":{"allow":["GET"]}}],"collection":[{"href":"https:\/\/www.real.edu.ee\/ajaveeb\/arh132b\/wp-json\/wp\/v2\/posts"}],"about":[{"href":"https:\/\/www.real.edu.ee\/ajaveeb\/arh132b\/wp-json\/wp\/v2\/types\/post"}],"author":[{"embeddable":true,"href":"https:\/\/www.real.edu.ee\/ajaveeb\/arh132b\/wp-json\/wp\/v2\/users\/1"}],"replies":[{"embeddable":true,"href":"https:\/\/www.real.edu.ee\/ajaveeb\/arh132b\/wp-json\/wp\/v2\/comments?post=71"}],"version-history":[{"count":0,"href":"https:\/\/www.real.edu.ee\/ajaveeb\/arh132b\/wp-json\/wp\/v2\/posts\/71\/revisions"}],"wp:attachment":[{"href":"https:\/\/www.real.edu.ee\/ajaveeb\/arh132b\/wp-json\/wp\/v2\/media?parent=71"}],"wp:term":[{"taxonomy":"category","embeddable":true,"href":"https:\/\/www.real.edu.ee\/ajaveeb\/arh132b\/wp-json\/wp\/v2\/categories?post=71"},{"taxonomy":"post_tag","embeddable":true,"href":"https:\/\/www.real.edu.ee\/ajaveeb\/arh132b\/wp-json\/wp\/v2\/tags?post=71"}],"curies":[{"name":"wp","href":"https:\/\/api.w.org\/{rel}","templated":true}]}}