{"id":308,"date":"2011-11-10T22:39:39","date_gmt":"2011-11-10T19:39:39","guid":{"rendered":"http:\/\/www.real.edu.ee\/ajaveeb\/132a\/?p=308"},"modified":"2011-11-10T22:39:39","modified_gmt":"2011-11-10T19:39:39","slug":"kevade","status":"publish","type":"post","link":"https:\/\/www.real.edu.ee\/ajaveeb\/arh132a\/2011\/11\/10\/kevade\/","title":{"rendered":"Kevade"},"content":{"rendered":"<p>Tere!<br \/>\nMa olen j\u00e4lle kohutavalt aeglane olnud ja ma palun vabandust, sest me k\u00e4isime 12okt. O.Lutsu j\u00e4lgedes Palamusel ja ma pole sellest siiani siia midagi kribanud. Igatahes oli siis \u00fcks kolmap\u00e4evane p\u00e4ev ja me hakkasime Tartu poole s\u00f5itma. S\u00f5it oli p\u00e4ris pikk ja v\u00f5ttis enda alla suurema osa p\u00e4evast, aga sellegipoolest oli bussis v\u00e4ga l\u00f5bus. Tehti nalja,m\u00e4ngiti m\u00e4nge ja oldi niisama m\u00f5nusad:) Kui 7a koolimajja j\u00f5udis olid tunnid juba alanud&#8230;.teisel klassil. Niisiis suundusime meie kirikusse, kus kohalik kiriku\u00f5petaja(muuseas meie kooli vilistlane) r\u00e4\u00e4kis meile natukene maailma loomisest nii piibli kui teadlaste pilgu l\u00e4bi ja tutvustas ka Palamuse kiriku ajalugu. P\u00e4rast seda n\u00e4itas \u00fcks giid meile natukene seda kuskohas olid Kevade protot\u00fc\u00fcbid elanud ja kes nad p\u00e4riselus olnud olid. Siis hakkas vihma sadama ja me l\u00e4ksime ruttu koolimajja. Saanud joped seljast hakkasiki meie vanaaegne koolitund. Kuigi me ei saanud krihvliga kirjutada, oli meil v\u00f5imalus t\u00e4ita sule ja tindiga koolitunnistust, lugeda vanaaegset kirja, arvutada ja laulda. Tund oli huvitav ning p\u00e4rast selle l\u00f5ppu saime veel kooli peal vaadata n\u00e4itust.<br \/>\nSeej\u00e4rel k\u00e4isime veel Lible k\u00f5rtsis s\u00f6\u00f6mas ja oligi j\u00e4lle aeg tagasi tulema hakata. Nii see p\u00e4evake meil siis l\u00e4ks ja ma loodan et k\u00f5ik j\u00e4id rahule, sest minu arvates oli k\u00fcll \u00fcks m\u00f5istlik ekskursioon, kuna oli v\u00f5imalik nii kuulata kui ka ise midagi teha.<br \/>\nKatariina<br \/>\nPS! Kuna mul fotoaparaati kaasas polnud siis mingil hetkel varsti paneb klassijuhataja siia pildid ka \u00fcles.<\/p>\n","protected":false},"excerpt":{"rendered":"<p>Tere! Ma olen j\u00e4lle kohutavalt aeglane olnud ja ma palun vabandust, sest me k\u00e4isime 12okt. O.Lutsu j\u00e4lgedes Palamusel ja ma pole sellest siiani siia midagi kribanud. Igatahes oli siis \u00fcks kolmap\u00e4evane p\u00e4ev ja me hakkasime Tartu poole s\u00f5itma. S\u00f5it oli p\u00e4ris pikk ja v\u00f5ttis enda alla suurema osa p\u00e4evast, aga sellegipoolest oli bussis v\u00e4ga l\u00f5bus. [&hellip;]<\/p>\n","protected":false},"author":1,"featured_media":0,"comment_status":"open","ping_status":"open","sticky":false,"template":"","format":"standard","meta":{"footnotes":""},"categories":[8],"tags":[],"class_list":["post-308","post","type-post","status-publish","format-standard","hentry","category-tunnikirjeldused"],"_links":{"self":[{"href":"https:\/\/www.real.edu.ee\/ajaveeb\/arh132a\/wp-json\/wp\/v2\/posts\/308","targetHints":{"allow":["GET"]}}],"collection":[{"href":"https:\/\/www.real.edu.ee\/ajaveeb\/arh132a\/wp-json\/wp\/v2\/posts"}],"about":[{"href":"https:\/\/www.real.edu.ee\/ajaveeb\/arh132a\/wp-json\/wp\/v2\/types\/post"}],"author":[{"embeddable":true,"href":"https:\/\/www.real.edu.ee\/ajaveeb\/arh132a\/wp-json\/wp\/v2\/users\/1"}],"replies":[{"embeddable":true,"href":"https:\/\/www.real.edu.ee\/ajaveeb\/arh132a\/wp-json\/wp\/v2\/comments?post=308"}],"version-history":[{"count":0,"href":"https:\/\/www.real.edu.ee\/ajaveeb\/arh132a\/wp-json\/wp\/v2\/posts\/308\/revisions"}],"wp:attachment":[{"href":"https:\/\/www.real.edu.ee\/ajaveeb\/arh132a\/wp-json\/wp\/v2\/media?parent=308"}],"wp:term":[{"taxonomy":"category","embeddable":true,"href":"https:\/\/www.real.edu.ee\/ajaveeb\/arh132a\/wp-json\/wp\/v2\/categories?post=308"},{"taxonomy":"post_tag","embeddable":true,"href":"https:\/\/www.real.edu.ee\/ajaveeb\/arh132a\/wp-json\/wp\/v2\/tags?post=308"}],"curies":[{"name":"wp","href":"https:\/\/api.w.org\/{rel}","templated":true}]}}