{"id":274,"date":"2011-05-24T17:52:15","date_gmt":"2011-05-24T14:52:15","guid":{"rendered":"http:\/\/www.real.edu.ee\/ajaveeb\/132a\/?p=274"},"modified":"2011-05-24T17:52:15","modified_gmt":"2011-05-24T14:52:15","slug":"reaali-karikas","status":"publish","type":"post","link":"https:\/\/www.real.edu.ee\/ajaveeb\/arh132a\/2011\/05\/24\/reaali-karikas\/","title":{"rendered":"Reaali karikas"},"content":{"rendered":"<p>Tervitusi!<\/p>\n<p>Sellel aastal v\u00f5itsime Reaali karika 5-6 klasside arvestuses meie:)!<br \/>\nLisaks karikale saime ka 100eurot klassile kulutamiseks. Igatahes v\u00e4ga v\u00e4ga lahe ja suured t\u00e4nud k\u00f5igile kes andsid oma panuse selle saamiseks!!!<\/p>\n<p>\u00c4rge siis unustage, et homme,kolmap\u00e4eval ja reedel veel viimane pingutus tasemet\u00f6\u00f6de n\u00e4ol ja siis ongi suvi juba peaaegu k\u00e4es. Teisip\u00e4eval siis ekskursioonile, neljap\u00e4eval peaks olema korvpalli show ja Keat-i v\u00f5istlus ning reedel aktus ja siis&#8230;. Suvi!<\/p>\n<p>Katariina<br \/>\n\n\t\t<style type=\"text\/css\">\n\t\t\t#gallery-1 {\n\t\t\t\tmargin: auto;\n\t\t\t}\n\t\t\t#gallery-1 .gallery-item {\n\t\t\t\tfloat: left;\n\t\t\t\tmargin-top: 10px;\n\t\t\t\ttext-align: center;\n\t\t\t\twidth: 33%;\n\t\t\t}\n\t\t\t#gallery-1 img {\n\t\t\t\tborder: 2px solid #cfcfcf;\n\t\t\t}\n\t\t\t#gallery-1 .gallery-caption {\n\t\t\t\tmargin-left: 0;\n\t\t\t}\n\t\t\t\/* see gallery_shortcode() in wp-includes\/media.php *\/\n\t\t<\/style>\n\t\t<div id='gallery-1' class='gallery galleryid-274 gallery-columns-3 gallery-size-thumbnail'><dl class='gallery-item'>\n\t\t\t<dt class='gallery-icon portrait'>\n\t\t\t\t<a href='https:\/\/www.real.edu.ee\/ajaveeb\/arh132a\/2011\/05\/24\/reaali-karikas\/imgp0030\/'><img loading=\"lazy\" decoding=\"async\" width=\"150\" height=\"150\" src=\"https:\/\/www.real.edu.ee\/ajaveeb\/arh132a\/files\/2011\/05\/IMGP0030-150x150.jpg\" class=\"attachment-thumbnail size-thumbnail\" alt=\"\" \/><\/a>\n\t\t\t<\/dt><\/dl>\n\t\t\t<br style='clear: both' \/>\n\t\t<\/div>\n <\/p>\n","protected":false},"excerpt":{"rendered":"<p>Tervitusi! Sellel aastal v\u00f5itsime Reaali karika 5-6 klasside arvestuses meie:)! Lisaks karikale saime ka 100eurot klassile kulutamiseks. Igatahes v\u00e4ga v\u00e4ga lahe ja suured t\u00e4nud k\u00f5igile kes andsid oma panuse selle saamiseks!!! \u00c4rge siis unustage, et homme,kolmap\u00e4eval ja reedel veel viimane pingutus tasemet\u00f6\u00f6de n\u00e4ol ja siis ongi suvi juba peaaegu k\u00e4es. Teisip\u00e4eval siis ekskursioonile, neljap\u00e4eval peaks [&hellip;]<\/p>\n","protected":false},"author":1,"featured_media":0,"comment_status":"open","ping_status":"open","sticky":false,"template":"","format":"standard","meta":{"footnotes":""},"categories":[8],"tags":[],"class_list":["post-274","post","type-post","status-publish","format-standard","hentry","category-tunnikirjeldused"],"_links":{"self":[{"href":"https:\/\/www.real.edu.ee\/ajaveeb\/arh132a\/wp-json\/wp\/v2\/posts\/274","targetHints":{"allow":["GET"]}}],"collection":[{"href":"https:\/\/www.real.edu.ee\/ajaveeb\/arh132a\/wp-json\/wp\/v2\/posts"}],"about":[{"href":"https:\/\/www.real.edu.ee\/ajaveeb\/arh132a\/wp-json\/wp\/v2\/types\/post"}],"author":[{"embeddable":true,"href":"https:\/\/www.real.edu.ee\/ajaveeb\/arh132a\/wp-json\/wp\/v2\/users\/1"}],"replies":[{"embeddable":true,"href":"https:\/\/www.real.edu.ee\/ajaveeb\/arh132a\/wp-json\/wp\/v2\/comments?post=274"}],"version-history":[{"count":0,"href":"https:\/\/www.real.edu.ee\/ajaveeb\/arh132a\/wp-json\/wp\/v2\/posts\/274\/revisions"}],"wp:attachment":[{"href":"https:\/\/www.real.edu.ee\/ajaveeb\/arh132a\/wp-json\/wp\/v2\/media?parent=274"}],"wp:term":[{"taxonomy":"category","embeddable":true,"href":"https:\/\/www.real.edu.ee\/ajaveeb\/arh132a\/wp-json\/wp\/v2\/categories?post=274"},{"taxonomy":"post_tag","embeddable":true,"href":"https:\/\/www.real.edu.ee\/ajaveeb\/arh132a\/wp-json\/wp\/v2\/tags?post=274"}],"curies":[{"name":"wp","href":"https:\/\/api.w.org\/{rel}","templated":true}]}}