{"id":815,"date":"2013-05-08T16:05:05","date_gmt":"2013-05-08T20:05:05","guid":{"rendered":"http:\/\/www.real.edu.ee\/ajaveeb\/131b\/?p=815"},"modified":"2013-05-08T16:05:05","modified_gmt":"2013-05-08T20:05:05","slug":"riigikogu-ja-eesti-pank","status":"publish","type":"post","link":"https:\/\/www.real.edu.ee\/ajaveeb\/arh131b\/2013\/05\/08\/riigikogu-ja-eesti-pank\/","title":{"rendered":"Riigikogu ja Eesti Pank"},"content":{"rendered":"<p>Kolmap\u00e4eval, 8. mail k\u00fclastasime Riigikogu. Esialgu l\u00e4ksime l\u00e4bi turvav\u00e4ravate tuppa, kus meiega r\u00e4\u00e4kis Valdo Randpere oma igap\u00e4evastest tegemistest. Seej\u00e4rel lahkus ta ning meile tehti viktoriin.<\/p>\n<p>P\u00e4rast viktoriini lahkusime toast ja l\u00e4ksime istungit vaatama. \u00dcllatuseks oli istungisaalis umbes alla k\u00fcmne inimese. Istungisaalist lahkudes suundusime Valgesse saali, kus meile r\u00e4\u00e4kis j\u00e4rgmine giid Riigikogust.<\/p>\n<p>P\u00e4rast Riigikogu k\u00fclastust suundusid soovijad Eesti Panka. Seal tutvustati meile Eesti Panga ajalugu ja vanu rahat\u00e4hti ning n\u00e4idati kuldkangi replikaati.<\/p>\n\n\t\t<style type=\"text\/css\">\n\t\t\t#gallery-1 {\n\t\t\t\tmargin: auto;\n\t\t\t}\n\t\t\t#gallery-1 .gallery-item {\n\t\t\t\tfloat: left;\n\t\t\t\tmargin-top: 10px;\n\t\t\t\ttext-align: center;\n\t\t\t\twidth: 33%;\n\t\t\t}\n\t\t\t#gallery-1 img {\n\t\t\t\tborder: 2px solid #cfcfcf;\n\t\t\t}\n\t\t\t#gallery-1 .gallery-caption {\n\t\t\t\tmargin-left: 0;\n\t\t\t}\n\t\t\t\/* see gallery_shortcode() in wp-includes\/media.php *\/\n\t\t<\/style>\n\t\t<div id='gallery-1' class='gallery galleryid-815 gallery-columns-3 gallery-size-thumbnail'><dl class='gallery-item'>\n\t\t\t<dt class='gallery-icon landscape'>\n\t\t\t\t<a href='https:\/\/www.real.edu.ee\/ajaveeb\/arh131b\/files\/2013\/06\/t2_riigikogu.jpg'><img loading=\"lazy\" decoding=\"async\" width=\"150\" height=\"150\" src=\"https:\/\/www.real.edu.ee\/ajaveeb\/arh131b\/files\/2013\/06\/t2_riigikogu-150x150.jpg\" class=\"attachment-thumbnail size-thumbnail\" alt=\"\" \/><\/a>\n\t\t\t<\/dt><\/dl><dl class='gallery-item'>\n\t\t\t<dt class='gallery-icon landscape'>\n\t\t\t\t<a href='https:\/\/www.real.edu.ee\/ajaveeb\/arh131b\/files\/2013\/06\/eestipank2.gif'><img loading=\"lazy\" decoding=\"async\" width=\"150\" height=\"150\" src=\"https:\/\/www.real.edu.ee\/ajaveeb\/arh131b\/files\/2013\/06\/eestipank2-150x150.gif\" class=\"attachment-thumbnail size-thumbnail\" alt=\"\" \/><\/a>\n\t\t\t<\/dt><\/dl>\n\t\t\t<br style='clear: both' \/>\n\t\t<\/div>\n\n<p>&nbsp;<\/p>\n<p>Fotod: Riigikogu foto &#8211;\u00a0<a title=\"Kaja Kallase blogi\" href=\"http:\/\/kajakallas.wordpress.com\/2012\/04\/26\/riigikogu-eetikakoodeksit-on-vaja\/\" target=\"_blank\">Kaja Kallase blogi<\/a>, Eesti Panga foto &#8211;\u00a0<a href=\"www.restor.ee\" target=\"_blank\">www.restor.ee<\/a><\/p>\n","protected":false},"excerpt":{"rendered":"<p>Kolmap\u00e4eval, 8. mail k\u00fclastasime Riigikogu. Esialgu l\u00e4ksime l\u00e4bi turvav\u00e4ravate tuppa, kus meiega r\u00e4\u00e4kis Valdo Randpere oma igap\u00e4evastest tegemistest. Seej\u00e4rel lahkus ta ning meile tehti viktoriin. P\u00e4rast viktoriini lahkusime toast ja l\u00e4ksime istungit vaatama. \u00dcllatuseks oli istungisaalis umbes alla k\u00fcmne inimese. Istungisaalist lahkudes suundusime Valgesse saali, kus meile r\u00e4\u00e4kis j\u00e4rgmine giid Riigikogust. P\u00e4rast Riigikogu k\u00fclastust suundusid [&hellip;]<\/p>\n","protected":false},"author":1,"featured_media":0,"comment_status":"open","ping_status":"open","sticky":false,"template":"","format":"standard","meta":{"footnotes":""},"categories":[7],"tags":[],"class_list":["post-815","post","type-post","status-publish","format-standard","hentry","category-avaleht"],"_links":{"self":[{"href":"https:\/\/www.real.edu.ee\/ajaveeb\/arh131b\/wp-json\/wp\/v2\/posts\/815","targetHints":{"allow":["GET"]}}],"collection":[{"href":"https:\/\/www.real.edu.ee\/ajaveeb\/arh131b\/wp-json\/wp\/v2\/posts"}],"about":[{"href":"https:\/\/www.real.edu.ee\/ajaveeb\/arh131b\/wp-json\/wp\/v2\/types\/post"}],"author":[{"embeddable":true,"href":"https:\/\/www.real.edu.ee\/ajaveeb\/arh131b\/wp-json\/wp\/v2\/users\/1"}],"replies":[{"embeddable":true,"href":"https:\/\/www.real.edu.ee\/ajaveeb\/arh131b\/wp-json\/wp\/v2\/comments?post=815"}],"version-history":[{"count":0,"href":"https:\/\/www.real.edu.ee\/ajaveeb\/arh131b\/wp-json\/wp\/v2\/posts\/815\/revisions"}],"wp:attachment":[{"href":"https:\/\/www.real.edu.ee\/ajaveeb\/arh131b\/wp-json\/wp\/v2\/media?parent=815"}],"wp:term":[{"taxonomy":"category","embeddable":true,"href":"https:\/\/www.real.edu.ee\/ajaveeb\/arh131b\/wp-json\/wp\/v2\/categories?post=815"},{"taxonomy":"post_tag","embeddable":true,"href":"https:\/\/www.real.edu.ee\/ajaveeb\/arh131b\/wp-json\/wp\/v2\/tags?post=815"}],"curies":[{"name":"wp","href":"https:\/\/api.w.org\/{rel}","templated":true}]}}