{"id":808,"date":"2013-02-26T17:12:12","date_gmt":"2013-02-26T21:12:12","guid":{"rendered":"http:\/\/www.real.edu.ee\/ajaveeb\/131b\/?p=808"},"modified":"2013-02-26T17:12:12","modified_gmt":"2013-02-26T21:12:12","slug":"eesti-vabariik-95","status":"publish","type":"post","link":"https:\/\/www.real.edu.ee\/ajaveeb\/arh131b\/2013\/02\/26\/eesti-vabariik-95\/","title":{"rendered":"Eesti Vabariik 95"},"content":{"rendered":"<p>21. ja 22. veebruaril t\u00e4histasime Eesti Vabariigi 95. aastap\u00e4eva.<\/p>\n<p>21. veebruaril algas kell 14:00 aktus, kus k\u00f5neles reaalkooli vilistlane Taavi R\u00f5ivas, praegune\u00a0Eesti sotsiaalminister.<\/p>\n<p>22. veebruaril toimus\u00a0kolme vabaduss\u00f5jast osa v\u00f5tnud kooli \u00fchisaktus.<\/p>\n","protected":false},"excerpt":{"rendered":"<p>21. ja 22. veebruaril t\u00e4histasime Eesti Vabariigi 95. aastap\u00e4eva. 21. veebruaril algas kell 14:00 aktus, kus k\u00f5neles reaalkooli vilistlane Taavi R\u00f5ivas, praegune\u00a0Eesti sotsiaalminister. 22. veebruaril toimus\u00a0kolme vabaduss\u00f5jast osa v\u00f5tnud kooli \u00fchisaktus.<\/p>\n","protected":false},"author":1,"featured_media":0,"comment_status":"open","ping_status":"open","sticky":false,"template":"","format":"standard","meta":{"footnotes":""},"categories":[6,12],"tags":[],"class_list":["post-808","post","type-post","status-publish","format-standard","hentry","category-9b","category-riigipuhad-ja-riiklikud-tahtpaevad"],"_links":{"self":[{"href":"https:\/\/www.real.edu.ee\/ajaveeb\/arh131b\/wp-json\/wp\/v2\/posts\/808","targetHints":{"allow":["GET"]}}],"collection":[{"href":"https:\/\/www.real.edu.ee\/ajaveeb\/arh131b\/wp-json\/wp\/v2\/posts"}],"about":[{"href":"https:\/\/www.real.edu.ee\/ajaveeb\/arh131b\/wp-json\/wp\/v2\/types\/post"}],"author":[{"embeddable":true,"href":"https:\/\/www.real.edu.ee\/ajaveeb\/arh131b\/wp-json\/wp\/v2\/users\/1"}],"replies":[{"embeddable":true,"href":"https:\/\/www.real.edu.ee\/ajaveeb\/arh131b\/wp-json\/wp\/v2\/comments?post=808"}],"version-history":[{"count":0,"href":"https:\/\/www.real.edu.ee\/ajaveeb\/arh131b\/wp-json\/wp\/v2\/posts\/808\/revisions"}],"wp:attachment":[{"href":"https:\/\/www.real.edu.ee\/ajaveeb\/arh131b\/wp-json\/wp\/v2\/media?parent=808"}],"wp:term":[{"taxonomy":"category","embeddable":true,"href":"https:\/\/www.real.edu.ee\/ajaveeb\/arh131b\/wp-json\/wp\/v2\/categories?post=808"},{"taxonomy":"post_tag","embeddable":true,"href":"https:\/\/www.real.edu.ee\/ajaveeb\/arh131b\/wp-json\/wp\/v2\/tags?post=808"}],"curies":[{"name":"wp","href":"https:\/\/api.w.org\/{rel}","templated":true}]}}