{"id":692,"date":"2012-11-28T09:56:03","date_gmt":"2012-11-28T13:56:03","guid":{"rendered":"http:\/\/www.real.edu.ee\/ajaveeb\/131b\/?p=692"},"modified":"2012-11-28T09:56:03","modified_gmt":"2012-11-28T13:56:03","slug":"teater-ja-jaaaja-keskus","status":"publish","type":"post","link":"https:\/\/www.real.edu.ee\/ajaveeb\/arh131b\/2012\/11\/28\/teater-ja-jaaaja-keskus\/","title":{"rendered":"Teater ja J\u00e4\u00e4aja keskus"},"content":{"rendered":"<div>Reedel, 28. septembril k\u00fclastasid 9. klassid J\u00e4\u00e4aja keskust, mis asub\u00a0Saadj\u00e4rve kaldal\u00a0\u00c4ksi alevikus Tartumaal. Seal anti meile t\u00f6\u00f6lehed ja iga klass sai giidi, kes tutvustas k\u00f5iki vaatamisv\u00e4\u00e4rsusi. N\u00e4itusel olid mammut ja tema poeg, erinevad kivid; sai vaadata j\u00e4\u00e4pankade murdumist, kuulata lindude laule, jalgrattaga s\u00f5ites elektrit teha ja istuda Kalevipoja varba sees.<\/div>\n<div>P\u00e4rast seda suundusime Tartusse, kus meil anti vaba aega kuni etenduse &#8220;Kuidas tappa laulur\u00e4stast&#8221; alguseni. Etendus toimus Vanemuise Sadamateatris. Kui etendus l\u00f5ppes, kogunesid klassid bussidesse ning algas tagasis\u00f5it Tallinnasse, kus kooli juures lahkuti \u00fcksteisest.<\/div>\n<div><\/div>\n<div>\n\n\t\t<style type=\"text\/css\">\n\t\t\t#gallery-1 {\n\t\t\t\tmargin: auto;\n\t\t\t}\n\t\t\t#gallery-1 .gallery-item {\n\t\t\t\tfloat: left;\n\t\t\t\tmargin-top: 10px;\n\t\t\t\ttext-align: center;\n\t\t\t\twidth: 33%;\n\t\t\t}\n\t\t\t#gallery-1 img {\n\t\t\t\tborder: 2px solid #cfcfcf;\n\t\t\t}\n\t\t\t#gallery-1 .gallery-caption {\n\t\t\t\tmargin-left: 0;\n\t\t\t}\n\t\t\t\/* see gallery_shortcode() in wp-includes\/media.php *\/\n\t\t<\/style>\n\t\t<div id='gallery-1' class='gallery galleryid-692 gallery-columns-3 gallery-size-thumbnail'><dl class='gallery-item'>\n\t\t\t<dt class='gallery-icon landscape'>\n\t\t\t\t<a href='https:\/\/www.real.edu.ee\/ajaveeb\/arh131b\/files\/2012\/11\/1_-1_false_false_37c0677f16e5501330c2844f4323c5a3.jpg'><img loading=\"lazy\" decoding=\"async\" width=\"150\" height=\"150\" src=\"https:\/\/www.real.edu.ee\/ajaveeb\/arh131b\/files\/2012\/11\/1_-1_false_false_37c0677f16e5501330c2844f4323c5a3-150x150.jpg\" class=\"attachment-thumbnail size-thumbnail\" alt=\"\" \/><\/a>\n\t\t\t<\/dt><\/dl><dl class='gallery-item'>\n\t\t\t<dt class='gallery-icon landscape'>\n\t\t\t\t<a href='https:\/\/www.real.edu.ee\/ajaveeb\/arh131b\/files\/2012\/11\/sadamateater.jpg'><img loading=\"lazy\" decoding=\"async\" width=\"150\" height=\"150\" src=\"https:\/\/www.real.edu.ee\/ajaveeb\/arh131b\/files\/2012\/11\/sadamateater-150x150.jpg\" class=\"attachment-thumbnail size-thumbnail\" alt=\"\" \/><\/a>\n\t\t\t<\/dt><\/dl><dl class='gallery-item'>\n\t\t\t<dt class='gallery-icon landscape'>\n\t\t\t\t<a href='https:\/\/www.real.edu.ee\/ajaveeb\/arh131b\/files\/2012\/11\/mg_0267.jpg'><img loading=\"lazy\" decoding=\"async\" width=\"150\" height=\"150\" src=\"https:\/\/www.real.edu.ee\/ajaveeb\/arh131b\/files\/2012\/11\/mg_0267-150x150.jpg\" class=\"attachment-thumbnail size-thumbnail\" alt=\"\" \/><\/a>\n\t\t\t<\/dt><\/dl><br style=\"clear: both\" \/>\n\t\t<\/div>\n\n<\/div>\n<div><\/div>\n<div>Pildid: Vanemuise kodulehelt, UusEesti kodulehelt ja Puhkaeestis.ee.<\/div>\n","protected":false},"excerpt":{"rendered":"<p>Reedel, 28. septembril k\u00fclastasid 9. klassid J\u00e4\u00e4aja keskust, mis asub\u00a0Saadj\u00e4rve kaldal\u00a0\u00c4ksi alevikus Tartumaal. Seal anti meile t\u00f6\u00f6lehed ja iga klass sai giidi, kes tutvustas k\u00f5iki vaatamisv\u00e4\u00e4rsusi. N\u00e4itusel olid mammut ja tema poeg, erinevad kivid; sai vaadata j\u00e4\u00e4pankade murdumist, kuulata lindude laule, jalgrattaga s\u00f5ites elektrit teha ja istuda Kalevipoja varba sees. P\u00e4rast seda suundusime Tartusse, kus [&hellip;]<\/p>\n","protected":false},"author":1,"featured_media":0,"comment_status":"open","ping_status":"open","sticky":false,"template":"","format":"standard","meta":{"footnotes":""},"categories":[6,8],"tags":[],"class_list":["post-692","post","type-post","status-publish","format-standard","hentry","category-9b","category-ekskursioonid-ja-oppekaigud-kus-klassiga-kaime"],"_links":{"self":[{"href":"https:\/\/www.real.edu.ee\/ajaveeb\/arh131b\/wp-json\/wp\/v2\/posts\/692","targetHints":{"allow":["GET"]}}],"collection":[{"href":"https:\/\/www.real.edu.ee\/ajaveeb\/arh131b\/wp-json\/wp\/v2\/posts"}],"about":[{"href":"https:\/\/www.real.edu.ee\/ajaveeb\/arh131b\/wp-json\/wp\/v2\/types\/post"}],"author":[{"embeddable":true,"href":"https:\/\/www.real.edu.ee\/ajaveeb\/arh131b\/wp-json\/wp\/v2\/users\/1"}],"replies":[{"embeddable":true,"href":"https:\/\/www.real.edu.ee\/ajaveeb\/arh131b\/wp-json\/wp\/v2\/comments?post=692"}],"version-history":[{"count":0,"href":"https:\/\/www.real.edu.ee\/ajaveeb\/arh131b\/wp-json\/wp\/v2\/posts\/692\/revisions"}],"wp:attachment":[{"href":"https:\/\/www.real.edu.ee\/ajaveeb\/arh131b\/wp-json\/wp\/v2\/media?parent=692"}],"wp:term":[{"taxonomy":"category","embeddable":true,"href":"https:\/\/www.real.edu.ee\/ajaveeb\/arh131b\/wp-json\/wp\/v2\/categories?post=692"},{"taxonomy":"post_tag","embeddable":true,"href":"https:\/\/www.real.edu.ee\/ajaveeb\/arh131b\/wp-json\/wp\/v2\/tags?post=692"}],"curies":[{"name":"wp","href":"https:\/\/api.w.org\/{rel}","templated":true}]}}