{"id":601,"date":"2012-01-26T14:47:30","date_gmt":"2012-01-26T18:47:30","guid":{"rendered":"http:\/\/www.real.edu.ee\/ajaveeb\/131b\/?p=601"},"modified":"2012-01-26T14:47:30","modified_gmt":"2012-01-26T18:47:30","slug":"teatrikulastus-nullpunkt","status":"publish","type":"post","link":"https:\/\/www.real.edu.ee\/ajaveeb\/arh131b\/2012\/01\/26\/teatrikulastus-nullpunkt\/","title":{"rendered":"Teatrik\u00fclastus \u201cNullpunkt\u201d"},"content":{"rendered":"<p>Esmasp\u00e4eval, 16. jaanuaril k\u00e4isime klassiga Vene teatris vaatamas n\u00e4idendit \u201cNullpunkt\u201d.<\/p>\n<div>\n<p>Tekst: Margus Karu, Jaanika Juhanson (T\u00dc Viljandi Kultuuriakadeemia) &amp; trupp<br \/>\nLavastus: Jaanika Juhanson<br \/>\nM\u00e4ngivad T\u00dc Viljandi Kultuuriakadeemia 9. lennu tudengid Maaja Hallik, Saara Kadak, Katrin Kalma, Vallo Kirs, Kristian P\u00f5ldma, Jaanus Tepomees ja Imre \u00d5unapuu ning Silja Miks ja Rauno Kaibiainen (k\u00fclalisena)<\/p>\n<p><em>Kool on perses. Sotsiaalne elu on perses. Kodu on perses. N\u00e4rvid on perses. \u00d5ppimine on perses. P\u00e4ris palju asju mahub sinna perse. Hiidperse. Oleks see vaid nii, et ma teaksin, et see l\u00f5peb varsti, et varsti l\u00e4heb paremaks: p\u00e4rast seda aastat v\u00f5i p\u00e4rast keskkooli v\u00f5i lihtsalt millalgi, aga kust ma v\u00f5tan kindluse, et mul \u00fcldse on m\u00f5tet midagi loota. Loota, et leian endale s\u00f5brad ja saan rahuliku kodu. T\u00e4pselt sama suur on v\u00f5imalus, et asjad l\u00e4hevad veel hullemaks. Mul ei ole midagi oodata. See on k\u00f5ige hirmsam, kui ei ole midagi oodata. P\u00e4ev t\u00e4is \u00e4ngi ja frustratsiooni kaob p\u00e4eva j\u00e4rel igavikku.<\/em><\/p>\n<p><em>\n\t\t<style type=\"text\/css\">\n\t\t\t#gallery-1 {\n\t\t\t\tmargin: auto;\n\t\t\t}\n\t\t\t#gallery-1 .gallery-item {\n\t\t\t\tfloat: left;\n\t\t\t\tmargin-top: 10px;\n\t\t\t\ttext-align: center;\n\t\t\t\twidth: 33%;\n\t\t\t}\n\t\t\t#gallery-1 img {\n\t\t\t\tborder: 2px solid #cfcfcf;\n\t\t\t}\n\t\t\t#gallery-1 .gallery-caption {\n\t\t\t\tmargin-left: 0;\n\t\t\t}\n\t\t\t\/* see gallery_shortcode() in wp-includes\/media.php *\/\n\t\t<\/style>\n\t\t<div id='gallery-1' class='gallery galleryid-601 gallery-columns-3 gallery-size-thumbnail'><dl class='gallery-item'>\n\t\t\t<dt class='gallery-icon landscape'>\n\t\t\t\t<a href='https:\/\/www.real.edu.ee\/ajaveeb\/arh131b\/2012\/01\/26\/teatrikulastus-nullpunkt\/1e652e08bd732e98b91ffd78b449c389\/'><img loading=\"lazy\" decoding=\"async\" width=\"150\" height=\"150\" src=\"https:\/\/www.real.edu.ee\/ajaveeb\/arh131b\/files\/2012\/01\/1e652e08bd732e98b91ffd78b449c389-150x150.jpg\" class=\"attachment-thumbnail size-thumbnail\" alt=\"\" \/><\/a>\n\t\t\t<\/dt><\/dl><dl class='gallery-item'>\n\t\t\t<dt class='gallery-icon landscape'>\n\t\t\t\t<a href='https:\/\/www.real.edu.ee\/ajaveeb\/arh131b\/2012\/01\/26\/teatrikulastus-nullpunkt\/attachment\/1152\/'><img loading=\"lazy\" decoding=\"async\" width=\"150\" height=\"150\" src=\"https:\/\/www.real.edu.ee\/ajaveeb\/arh131b\/files\/2012\/01\/1152-150x150.jpg\" class=\"attachment-thumbnail size-thumbnail\" alt=\"\" \/><\/a>\n\t\t\t<\/dt><\/dl><dl class='gallery-item'>\n\t\t\t<dt class='gallery-icon landscape'>\n\t\t\t\t<a href='https:\/\/www.real.edu.ee\/ajaveeb\/arh131b\/2012\/01\/26\/teatrikulastus-nullpunkt\/attachment\/1151\/'><img loading=\"lazy\" decoding=\"async\" width=\"150\" height=\"150\" src=\"https:\/\/www.real.edu.ee\/ajaveeb\/arh131b\/files\/2012\/01\/1151-150x150.jpg\" class=\"attachment-thumbnail size-thumbnail\" alt=\"\" \/><\/a>\n\t\t\t<\/dt><\/dl><br style=\"clear: both\" \/>\n\t\t<\/div>\n<\/p>\n<p><\/em><\/p>\n<p><em> <\/em><em> <\/em><\/p>\n<\/div>\n","protected":false},"excerpt":{"rendered":"<p>Esmasp\u00e4eval, 16. jaanuaril k\u00e4isime klassiga Vene teatris vaatamas n\u00e4idendit \u201cNullpunkt\u201d. Tekst: Margus Karu, Jaanika Juhanson (T\u00dc Viljandi Kultuuriakadeemia) &amp; trupp Lavastus: Jaanika Juhanson M\u00e4ngivad T\u00dc Viljandi Kultuuriakadeemia 9. lennu tudengid Maaja Hallik, Saara Kadak, Katrin Kalma, Vallo Kirs, Kristian P\u00f5ldma, Jaanus Tepomees ja Imre \u00d5unapuu ning Silja Miks ja Rauno Kaibiainen (k\u00fclalisena) Kool on perses. [&hellip;]<\/p>\n","protected":false},"author":1,"featured_media":0,"comment_status":"open","ping_status":"open","sticky":false,"template":"","format":"standard","meta":{"footnotes":""},"categories":[5],"tags":[],"class_list":["post-601","post","type-post","status-publish","format-standard","hentry","category-8b"],"_links":{"self":[{"href":"https:\/\/www.real.edu.ee\/ajaveeb\/arh131b\/wp-json\/wp\/v2\/posts\/601","targetHints":{"allow":["GET"]}}],"collection":[{"href":"https:\/\/www.real.edu.ee\/ajaveeb\/arh131b\/wp-json\/wp\/v2\/posts"}],"about":[{"href":"https:\/\/www.real.edu.ee\/ajaveeb\/arh131b\/wp-json\/wp\/v2\/types\/post"}],"author":[{"embeddable":true,"href":"https:\/\/www.real.edu.ee\/ajaveeb\/arh131b\/wp-json\/wp\/v2\/users\/1"}],"replies":[{"embeddable":true,"href":"https:\/\/www.real.edu.ee\/ajaveeb\/arh131b\/wp-json\/wp\/v2\/comments?post=601"}],"version-history":[{"count":0,"href":"https:\/\/www.real.edu.ee\/ajaveeb\/arh131b\/wp-json\/wp\/v2\/posts\/601\/revisions"}],"wp:attachment":[{"href":"https:\/\/www.real.edu.ee\/ajaveeb\/arh131b\/wp-json\/wp\/v2\/media?parent=601"}],"wp:term":[{"taxonomy":"category","embeddable":true,"href":"https:\/\/www.real.edu.ee\/ajaveeb\/arh131b\/wp-json\/wp\/v2\/categories?post=601"},{"taxonomy":"post_tag","embeddable":true,"href":"https:\/\/www.real.edu.ee\/ajaveeb\/arh131b\/wp-json\/wp\/v2\/tags?post=601"}],"curies":[{"name":"wp","href":"https:\/\/api.w.org\/{rel}","templated":true}]}}