{"id":592,"date":"2012-01-10T14:59:30","date_gmt":"2012-01-10T18:59:30","guid":{"rendered":"http:\/\/www.real.edu.ee\/ajaveeb\/131b\/?p=592"},"modified":"2012-01-10T14:59:30","modified_gmt":"2012-01-10T18:59:30","slug":"teatrikulastus-kirjaklambritest-voo","status":"publish","type":"post","link":"https:\/\/www.real.edu.ee\/ajaveeb\/arh131b\/2012\/01\/10\/teatrikulastus-kirjaklambritest-voo\/","title":{"rendered":"Teatrik\u00fclastus &#8220;Kirjaklambritest v\u00f6\u00f6&#8221;"},"content":{"rendered":"<p>Neljap\u00e4eval,\u00a0 3. novembril k\u00e4isime klassiga Rahvusraamatukogus vaatamas n\u00e4idendit &#8220;Kirjaklambritest v\u00f6\u00f6&#8221;.<\/p>\n<p><img loading=\"lazy\" decoding=\"async\" class=\"alignright\" style=\"border-style: initial;border-color: initial;border-left-width: 10px;cursor: pointer\" src=\"http:\/\/vatteater.tna.ee\/images\/text_image-93-nat5.jpg\" alt=\"\" width=\"108\" height=\"163\" align=\"right\" \/>&#8220;Kirjaklambritest v\u00f6\u00f6&#8221; saavutas Eesti Lastekirjanduse\u00a0Teabekeskuse\u00a0ja kirjastuse T\u00e4nap\u00e4ev 2006. aasta noorsooromaaniv\u00f5istlusel 2. koha. See on sissevaade t\u00e4nap\u00e4eva noorte m\u00f5ttemaailma ja tegemistesse.\u00a0Loo peategelane Kati on pealtn\u00e4ha tavaline m\u00e4ssumeelne teismeline. Autor ise s\u00f5nab\u00a0\u00fches ajaleheloos n\u00f5nda: &#8220;Tegin \u00fckskord kirjaklambritest keti ning n\u00e4ppisin seda, kuni kett katki l\u00e4ks. Siis seostasin selle peategelase Kati isiksusega, mis on samamoodi t\u00fckikestest kokku vormitud. Tundub tugev, aga samas v\u00f5ib nii kergesti laguneda.&#8221;<\/p>\n<p>Autorid:<strong> <\/strong><strong>Mare Sabolotny\/ Rein Agur<\/strong><br \/>\nLavastaja:\u00a0<strong>Rein Agur<\/strong><br \/>\nOsades:\u00a0<strong>Katariina Kabel (EMTA Lavakunstikool), Margo Teder, Ago Soots, Meelis P\u00f5dersoo ja Rivo Laasi<\/strong><\/p>\n<p><strong>\n\t\t<style type=\"text\/css\">\n\t\t\t#gallery-1 {\n\t\t\t\tmargin: auto;\n\t\t\t}\n\t\t\t#gallery-1 .gallery-item {\n\t\t\t\tfloat: left;\n\t\t\t\tmargin-top: 10px;\n\t\t\t\ttext-align: center;\n\t\t\t\twidth: 33%;\n\t\t\t}\n\t\t\t#gallery-1 img {\n\t\t\t\tborder: 2px solid #cfcfcf;\n\t\t\t}\n\t\t\t#gallery-1 .gallery-caption {\n\t\t\t\tmargin-left: 0;\n\t\t\t}\n\t\t\t\/* see gallery_shortcode() in wp-includes\/media.php *\/\n\t\t<\/style>\n\t\t<div id='gallery-1' class='gallery galleryid-592 gallery-columns-3 gallery-size-thumbnail'><dl class='gallery-item'>\n\t\t\t<dt class='gallery-icon landscape'>\n\t\t\t\t<a href='https:\/\/www.real.edu.ee\/ajaveeb\/arh131b\/2012\/01\/10\/teatrikulastus-kirjaklambritest-voo\/vat_kirjaklambritestvoo_c2q4076_foto-siim_vahur\/'><img loading=\"lazy\" decoding=\"async\" width=\"150\" height=\"150\" src=\"https:\/\/www.real.edu.ee\/ajaveeb\/arh131b\/files\/2012\/01\/VAT_kirjaklambritestvoo_C2Q4076_foto-siim_vahur-150x150.jpg\" class=\"attachment-thumbnail size-thumbnail\" alt=\"\" \/><\/a>\n\t\t\t<\/dt><\/dl><dl class='gallery-item'>\n\t\t\t<dt class='gallery-icon landscape'>\n\t\t\t\t<a href='https:\/\/www.real.edu.ee\/ajaveeb\/arh131b\/2012\/01\/10\/teatrikulastus-kirjaklambritest-voo\/vat_kirjaklambritestvoo_c2q4061_foto-siim_vahur\/'><img loading=\"lazy\" decoding=\"async\" width=\"150\" height=\"150\" src=\"https:\/\/www.real.edu.ee\/ajaveeb\/arh131b\/files\/2012\/01\/VAT_kirjaklambritestvoo_C2Q4061_foto-siim_vahur-150x150.jpg\" class=\"attachment-thumbnail size-thumbnail\" alt=\"\" \/><\/a>\n\t\t\t<\/dt><\/dl>\n\t\t\t<br style='clear: both' \/>\n\t\t<\/div>\n<\/p>\n<p><\/strong><\/p>\n<p><strong> <\/strong><\/p>\n<p><strong> <\/strong><\/p>\n<p><strong> <\/strong><\/p>\n<p><strong> <\/strong><\/p>\n","protected":false},"excerpt":{"rendered":"<p>Neljap\u00e4eval,\u00a0 3. novembril k\u00e4isime klassiga Rahvusraamatukogus vaatamas n\u00e4idendit &#8220;Kirjaklambritest v\u00f6\u00f6&#8221;. &#8220;Kirjaklambritest v\u00f6\u00f6&#8221; saavutas Eesti Lastekirjanduse\u00a0Teabekeskuse\u00a0ja kirjastuse T\u00e4nap\u00e4ev 2006. aasta noorsooromaaniv\u00f5istlusel 2. koha. See on sissevaade t\u00e4nap\u00e4eva noorte m\u00f5ttemaailma ja tegemistesse.\u00a0Loo peategelane Kati on pealtn\u00e4ha tavaline m\u00e4ssumeelne teismeline. Autor ise s\u00f5nab\u00a0\u00fches ajaleheloos n\u00f5nda: &#8220;Tegin \u00fckskord kirjaklambritest keti ning n\u00e4ppisin seda, kuni kett katki l\u00e4ks. Siis seostasin [&hellip;]<\/p>\n","protected":false},"author":1,"featured_media":0,"comment_status":"open","ping_status":"open","sticky":false,"template":"","format":"standard","meta":{"footnotes":""},"categories":[5,7],"tags":[],"class_list":["post-592","post","type-post","status-publish","format-standard","hentry","category-8b","category-avaleht"],"_links":{"self":[{"href":"https:\/\/www.real.edu.ee\/ajaveeb\/arh131b\/wp-json\/wp\/v2\/posts\/592","targetHints":{"allow":["GET"]}}],"collection":[{"href":"https:\/\/www.real.edu.ee\/ajaveeb\/arh131b\/wp-json\/wp\/v2\/posts"}],"about":[{"href":"https:\/\/www.real.edu.ee\/ajaveeb\/arh131b\/wp-json\/wp\/v2\/types\/post"}],"author":[{"embeddable":true,"href":"https:\/\/www.real.edu.ee\/ajaveeb\/arh131b\/wp-json\/wp\/v2\/users\/1"}],"replies":[{"embeddable":true,"href":"https:\/\/www.real.edu.ee\/ajaveeb\/arh131b\/wp-json\/wp\/v2\/comments?post=592"}],"version-history":[{"count":0,"href":"https:\/\/www.real.edu.ee\/ajaveeb\/arh131b\/wp-json\/wp\/v2\/posts\/592\/revisions"}],"wp:attachment":[{"href":"https:\/\/www.real.edu.ee\/ajaveeb\/arh131b\/wp-json\/wp\/v2\/media?parent=592"}],"wp:term":[{"taxonomy":"category","embeddable":true,"href":"https:\/\/www.real.edu.ee\/ajaveeb\/arh131b\/wp-json\/wp\/v2\/categories?post=592"},{"taxonomy":"post_tag","embeddable":true,"href":"https:\/\/www.real.edu.ee\/ajaveeb\/arh131b\/wp-json\/wp\/v2\/tags?post=592"}],"curies":[{"name":"wp","href":"https:\/\/api.w.org\/{rel}","templated":true}]}}