{"id":351,"date":"2009-11-21T08:56:26","date_gmt":"2009-11-21T12:56:26","guid":{"rendered":"http:\/\/www.real.edu.ee\/ajaveeb\/131b\/?p=351"},"modified":"2009-11-21T08:56:26","modified_gmt":"2009-11-21T12:56:26","slug":"kooli-sunnipaev-2","status":"publish","type":"post","link":"https:\/\/www.real.edu.ee\/ajaveeb\/arh131b\/2009\/11\/21\/kooli-sunnipaev-2\/","title":{"rendered":"Kooli s\u00fcnnip\u00e4ev"},"content":{"rendered":"<p style=\"line-height: 1.4em;margin-top: 0px;margin-right: 0px;margin-bottom: 1em;margin-left: 0px;padding: 0px\">Teisip\u00e4eval, 29. septembril t\u00e4histasime kooli 128.  s\u00fcnnip\u00e4eva. Riietus oli pidulik (must-valge+ koolim\u00fcts).<\/p>\n<p style=\"line-height: 1.4em;margin-top: 0px;margin-right: 0px;margin-bottom: 1em;margin-left: 0px;padding: 0px\">7. tunni ajal  oli meil kooli staadionil pidulik aktus, kus  kooli direktor pidas k\u00f5net. P\u00e4rast aktust  s\u00f5ime k\u00f5ik koos kringlit.<\/p>\n<p style=\"line-height: 1.4em;margin-top: 0px;margin-right: 0px;margin-bottom: 1em;margin-left: 0px;padding: 0px\">\n<p style=\"line-height: 1.4em;margin-top: 0px;margin-right: 0px;margin-bottom: 1em;margin-left: 0px;padding: 0px\">\n<div><span style=\"line-height: 16px\">Geili<\/span><\/div>\n","protected":false},"excerpt":{"rendered":"<p>Teisip\u00e4eval, 29. septembril t\u00e4histasime kooli 128. s\u00fcnnip\u00e4eva. Riietus oli pidulik (must-valge+ koolim\u00fcts). 7. tunni ajal oli meil kooli staadionil pidulik aktus, kus kooli direktor pidas k\u00f5net. P\u00e4rast aktust s\u00f5ime k\u00f5ik koos kringlit. Geili<\/p>\n","protected":false},"author":1,"featured_media":0,"comment_status":"open","ping_status":"open","sticky":false,"template":"","format":"standard","meta":{"footnotes":""},"categories":[3,7],"tags":[],"class_list":["post-351","post","type-post","status-publish","format-standard","hentry","category-6b","category-avaleht"],"_links":{"self":[{"href":"https:\/\/www.real.edu.ee\/ajaveeb\/arh131b\/wp-json\/wp\/v2\/posts\/351","targetHints":{"allow":["GET"]}}],"collection":[{"href":"https:\/\/www.real.edu.ee\/ajaveeb\/arh131b\/wp-json\/wp\/v2\/posts"}],"about":[{"href":"https:\/\/www.real.edu.ee\/ajaveeb\/arh131b\/wp-json\/wp\/v2\/types\/post"}],"author":[{"embeddable":true,"href":"https:\/\/www.real.edu.ee\/ajaveeb\/arh131b\/wp-json\/wp\/v2\/users\/1"}],"replies":[{"embeddable":true,"href":"https:\/\/www.real.edu.ee\/ajaveeb\/arh131b\/wp-json\/wp\/v2\/comments?post=351"}],"version-history":[{"count":0,"href":"https:\/\/www.real.edu.ee\/ajaveeb\/arh131b\/wp-json\/wp\/v2\/posts\/351\/revisions"}],"wp:attachment":[{"href":"https:\/\/www.real.edu.ee\/ajaveeb\/arh131b\/wp-json\/wp\/v2\/media?parent=351"}],"wp:term":[{"taxonomy":"category","embeddable":true,"href":"https:\/\/www.real.edu.ee\/ajaveeb\/arh131b\/wp-json\/wp\/v2\/categories?post=351"},{"taxonomy":"post_tag","embeddable":true,"href":"https:\/\/www.real.edu.ee\/ajaveeb\/arh131b\/wp-json\/wp\/v2\/tags?post=351"}],"curies":[{"name":"wp","href":"https:\/\/api.w.org\/{rel}","templated":true}]}}