{"id":280,"date":"2008-11-25T09:45:08","date_gmt":"2008-11-25T13:45:08","guid":{"rendered":"http:\/\/www.real.edu.ee\/ajaveeb\/131b\/?p=280"},"modified":"2008-11-25T09:45:08","modified_gmt":"2008-11-25T13:45:08","slug":"tahed-muusikas","status":"publish","type":"post","link":"https:\/\/www.real.edu.ee\/ajaveeb\/arh131b\/2008\/11\/25\/tahed-muusikas\/","title":{"rendered":"T\u00e4hed muusikas"},"content":{"rendered":"<p>Esmasp\u00e4eval, 10. Novembril aasta 2008 k\u00e4isime me koos klassijuhataja ja 13 \u00f5pilasega saates &#8221;T\u00e4hed muusikas&#8221;. Asukoht oli vist ERR&#8217;i 4. stuudio. Saatejuhiks oli Mart Sander ja kaptenid olid Antti Kammiste ja Tomi Rahula. Antti kammiste meeskonnas olid kultuuriminister Laine J\u00e4nes ja Tarmo Leinatamm. Teises ehk Tomi Rahula meeskonnas olid Mirjam Dede ja Andres Avamere + Suisap\u00e4isa koor. Saadet v\u00f5ib n\u00e4ha telekas 3. Jaanuaril aastal 2009.<\/p>\n","protected":false},"excerpt":{"rendered":"<p>Esmasp\u00e4eval, 10. Novembril aasta 2008 k\u00e4isime me koos klassijuhataja ja 13 \u00f5pilasega saates &#8221;T\u00e4hed muusikas&#8221;. Asukoht oli vist ERR&#8217;i 4. stuudio. Saatejuhiks oli Mart Sander ja kaptenid olid Antti Kammiste ja Tomi Rahula. Antti kammiste meeskonnas olid kultuuriminister Laine J\u00e4nes ja Tarmo Leinatamm. Teises ehk Tomi Rahula meeskonnas olid Mirjam Dede ja Andres Avamere + [&hellip;]<\/p>\n","protected":false},"author":1,"featured_media":0,"comment_status":"open","ping_status":"open","sticky":false,"template":"","format":"standard","meta":{"footnotes":""},"categories":[7],"tags":[],"class_list":["post-280","post","type-post","status-publish","format-standard","hentry","category-avaleht"],"_links":{"self":[{"href":"https:\/\/www.real.edu.ee\/ajaveeb\/arh131b\/wp-json\/wp\/v2\/posts\/280","targetHints":{"allow":["GET"]}}],"collection":[{"href":"https:\/\/www.real.edu.ee\/ajaveeb\/arh131b\/wp-json\/wp\/v2\/posts"}],"about":[{"href":"https:\/\/www.real.edu.ee\/ajaveeb\/arh131b\/wp-json\/wp\/v2\/types\/post"}],"author":[{"embeddable":true,"href":"https:\/\/www.real.edu.ee\/ajaveeb\/arh131b\/wp-json\/wp\/v2\/users\/1"}],"replies":[{"embeddable":true,"href":"https:\/\/www.real.edu.ee\/ajaveeb\/arh131b\/wp-json\/wp\/v2\/comments?post=280"}],"version-history":[{"count":0,"href":"https:\/\/www.real.edu.ee\/ajaveeb\/arh131b\/wp-json\/wp\/v2\/posts\/280\/revisions"}],"wp:attachment":[{"href":"https:\/\/www.real.edu.ee\/ajaveeb\/arh131b\/wp-json\/wp\/v2\/media?parent=280"}],"wp:term":[{"taxonomy":"category","embeddable":true,"href":"https:\/\/www.real.edu.ee\/ajaveeb\/arh131b\/wp-json\/wp\/v2\/categories?post=280"},{"taxonomy":"post_tag","embeddable":true,"href":"https:\/\/www.real.edu.ee\/ajaveeb\/arh131b\/wp-json\/wp\/v2\/tags?post=280"}],"curies":[{"name":"wp","href":"https:\/\/api.w.org\/{rel}","templated":true}]}}