{"id":578,"date":"2010-11-16T17:16:41","date_gmt":"2010-11-16T15:16:41","guid":{"rendered":"http:\/\/www.real.edu.ee\/ajaveeb\/129c\/?p=578"},"modified":"2010-11-16T17:16:41","modified_gmt":"2010-11-16T15:16:41","slug":"veteran-korsets-ajaloos","status":"publish","type":"post","link":"https:\/\/www.real.edu.ee\/ajaveeb\/arh129c\/2010\/11\/16\/veteran-korsets-ajaloos\/","title":{"rendered":"Veteran Kor\u0161ets ajaloos"},"content":{"rendered":"<div class=\"mceTemp mceIEcenter\">T\u00e4na toimus ajaloos kontrollt\u00f6\u00f6 ja siin on paar pilti Kor\u0161etsist tagalas t\u00f6\u00f6d valmis kirjutamas.<\/div>\n<p style=\"text-align: center\">\n<div id=\"attachment_579\" style=\"width: 235px\" class=\"wp-caption aligncenter\"><a rel=\"attachment wp-att-579\" href=\"http:\/\/www.real.edu.ee\/ajaveeb\/129c\/?attachment_id=579\"><img loading=\"lazy\" decoding=\"async\" aria-describedby=\"caption-attachment-579\" class=\"size-medium wp-image-579  \" src=\"http:\/\/www.real.edu.ee\/ajaveeb\/arh129c\/files\/2010\/11\/Pilt0126-225x300.jpg\" alt=\"\" width=\"225\" height=\"300\" srcset=\"https:\/\/www.real.edu.ee\/ajaveeb\/arh129c\/files\/2010\/11\/Pilt0126-225x300.jpg 225w, https:\/\/www.real.edu.ee\/ajaveeb\/arh129c\/files\/2010\/11\/Pilt0126-768x1024.jpg 768w, https:\/\/www.real.edu.ee\/ajaveeb\/arh129c\/files\/2010\/11\/Pilt0126.jpg 1200w\" sizes=\"auto, (max-width: 225px) 100vw, 225px\" \/><\/a><p id=\"caption-attachment-579\" class=\"wp-caption-text\">Kor\u0161ets ei olnud k\u00fcsimustega rahul ja n\u00e4ost hakkas paistma hirmu.<\/p><\/div>\n<div>\n<div id=\"attachment_588\" style=\"width: 235px\" class=\"wp-caption aligncenter\"><a rel=\"attachment wp-att-588\" href=\"http:\/\/www.real.edu.ee\/ajaveeb\/129c\/?attachment_id=588\"><img loading=\"lazy\" decoding=\"async\" aria-describedby=\"caption-attachment-588\" class=\"size-medium wp-image-588\" src=\"http:\/\/www.real.edu.ee\/ajaveeb\/arh129c\/files\/2010\/11\/Pilt01252-225x300.jpg\" alt=\"\" width=\"225\" height=\"300\" srcset=\"https:\/\/www.real.edu.ee\/ajaveeb\/arh129c\/files\/2010\/11\/Pilt01252-225x300.jpg 225w, https:\/\/www.real.edu.ee\/ajaveeb\/arh129c\/files\/2010\/11\/Pilt01252-768x1024.jpg 768w, https:\/\/www.real.edu.ee\/ajaveeb\/arh129c\/files\/2010\/11\/Pilt01252.jpg 1200w\" sizes=\"auto, (max-width: 225px) 100vw, 225px\" \/><\/a><p id=\"caption-attachment-588\" class=\"wp-caption-text\">\u00d5nneks avas \u00f5petaja akna ja Kor\u0161ets l\u00e4bis t\u00f6\u00f6 eeskujulikult t\u00e4nu hapnikuk\u00fcllasele \u00f5hule.<\/p><\/div>\n<\/div>\n","protected":false},"excerpt":{"rendered":"<p>T\u00e4na toimus ajaloos kontrollt\u00f6\u00f6 ja siin on paar pilti Kor\u0161etsist tagalas t\u00f6\u00f6d valmis kirjutamas.<\/p>\n","protected":false},"author":1,"featured_media":0,"comment_status":"open","ping_status":"open","sticky":false,"template":"","format":"standard","meta":{"footnotes":""},"categories":[4],"tags":[],"class_list":["post-578","post","type-post","status-publish","format-standard","hentry","category-elu24"],"_links":{"self":[{"href":"https:\/\/www.real.edu.ee\/ajaveeb\/arh129c\/wp-json\/wp\/v2\/posts\/578","targetHints":{"allow":["GET"]}}],"collection":[{"href":"https:\/\/www.real.edu.ee\/ajaveeb\/arh129c\/wp-json\/wp\/v2\/posts"}],"about":[{"href":"https:\/\/www.real.edu.ee\/ajaveeb\/arh129c\/wp-json\/wp\/v2\/types\/post"}],"author":[{"embeddable":true,"href":"https:\/\/www.real.edu.ee\/ajaveeb\/arh129c\/wp-json\/wp\/v2\/users\/1"}],"replies":[{"embeddable":true,"href":"https:\/\/www.real.edu.ee\/ajaveeb\/arh129c\/wp-json\/wp\/v2\/comments?post=578"}],"version-history":[{"count":0,"href":"https:\/\/www.real.edu.ee\/ajaveeb\/arh129c\/wp-json\/wp\/v2\/posts\/578\/revisions"}],"wp:attachment":[{"href":"https:\/\/www.real.edu.ee\/ajaveeb\/arh129c\/wp-json\/wp\/v2\/media?parent=578"}],"wp:term":[{"taxonomy":"category","embeddable":true,"href":"https:\/\/www.real.edu.ee\/ajaveeb\/arh129c\/wp-json\/wp\/v2\/categories?post=578"},{"taxonomy":"post_tag","embeddable":true,"href":"https:\/\/www.real.edu.ee\/ajaveeb\/arh129c\/wp-json\/wp\/v2\/tags?post=578"}],"curies":[{"name":"wp","href":"https:\/\/api.w.org\/{rel}","templated":true}]}}