{"id":1129,"date":"2011-02-08T00:08:58","date_gmt":"2011-02-07T22:08:58","guid":{"rendered":"http:\/\/www.real.edu.ee\/ajaveeb\/129c\/?p=1129"},"modified":"2011-02-08T00:08:58","modified_gmt":"2011-02-07T22:08:58","slug":"eesti-looduskaitse-100","status":"publish","type":"post","link":"https:\/\/www.real.edu.ee\/ajaveeb\/arh129c\/2011\/02\/08\/eesti-looduskaitse-100\/","title":{"rendered":"Eesti looduskaitse 100"},"content":{"rendered":"<p>Reedel k\u00fclastasime klassis 206  &#8220;Eesti Looduskaitse 100&#8221; raames toimunud n\u00e4itust. Saime muidugi teada palju huvitavat Eesti looduse ja looduskaitse kohta, kuid k\u00f5ige huvitavamad olid siiski m\u00e4ngud, l\u00e4bi mille pidime me seda k\u00f5ike paremini m\u00f5istma hakkama. Kes teab, v\u00f5ibolla oli meie haridusteele sellest ikka kasu ka.<br \/>\n<div id=\"attachment_1130\" style=\"width: 235px\" class=\"wp-caption alignnone\"><a href=\"http:\/\/www.real.edu.ee\/ajaveeb\/129c\/?attachment_id=1130\" rel=\"attachment wp-att-1130\"><img loading=\"lazy\" decoding=\"async\" aria-describedby=\"caption-attachment-1130\" src=\"http:\/\/www.real.edu.ee\/ajaveeb\/arh129c\/files\/2011\/02\/Pilt241-225x300.jpg\" alt=\"\" width=\"225\" height=\"300\" class=\"size-medium wp-image-1130\" srcset=\"https:\/\/www.real.edu.ee\/ajaveeb\/arh129c\/files\/2011\/02\/Pilt241-225x300.jpg 225w, https:\/\/www.real.edu.ee\/ajaveeb\/arh129c\/files\/2011\/02\/Pilt241-768x1024.jpg 768w, https:\/\/www.real.edu.ee\/ajaveeb\/arh129c\/files\/2011\/02\/Pilt241.jpg 1200w\" sizes=\"auto, (max-width: 225px) 100vw, 225px\" \/><\/a><p id=\"caption-attachment-1130\" class=\"wp-caption-text\">Esimesena sai uutele m\u00e4ngudele k\u00e4ed k\u00fclge \u00f5petaja Raa ja p\u00fcstitas kohe ka rajarekordi 23,8 sekundit<\/p><\/div> <\/p>\n","protected":false},"excerpt":{"rendered":"<p>Reedel k\u00fclastasime klassis 206 &#8220;Eesti Looduskaitse 100&#8221; raames toimunud n\u00e4itust. Saime muidugi teada palju huvitavat Eesti looduse ja looduskaitse kohta, kuid k\u00f5ige huvitavamad olid siiski m\u00e4ngud, l\u00e4bi mille pidime me seda k\u00f5ike paremini m\u00f5istma hakkama. Kes teab, v\u00f5ibolla oli meie haridusteele sellest ikka kasu ka.<\/p>\n","protected":false},"author":1,"featured_media":0,"comment_status":"open","ping_status":"open","sticky":false,"template":"","format":"standard","meta":{"footnotes":""},"categories":[4],"tags":[],"class_list":["post-1129","post","type-post","status-publish","format-standard","hentry","category-elu24"],"_links":{"self":[{"href":"https:\/\/www.real.edu.ee\/ajaveeb\/arh129c\/wp-json\/wp\/v2\/posts\/1129","targetHints":{"allow":["GET"]}}],"collection":[{"href":"https:\/\/www.real.edu.ee\/ajaveeb\/arh129c\/wp-json\/wp\/v2\/posts"}],"about":[{"href":"https:\/\/www.real.edu.ee\/ajaveeb\/arh129c\/wp-json\/wp\/v2\/types\/post"}],"author":[{"embeddable":true,"href":"https:\/\/www.real.edu.ee\/ajaveeb\/arh129c\/wp-json\/wp\/v2\/users\/1"}],"replies":[{"embeddable":true,"href":"https:\/\/www.real.edu.ee\/ajaveeb\/arh129c\/wp-json\/wp\/v2\/comments?post=1129"}],"version-history":[{"count":0,"href":"https:\/\/www.real.edu.ee\/ajaveeb\/arh129c\/wp-json\/wp\/v2\/posts\/1129\/revisions"}],"wp:attachment":[{"href":"https:\/\/www.real.edu.ee\/ajaveeb\/arh129c\/wp-json\/wp\/v2\/media?parent=1129"}],"wp:term":[{"taxonomy":"category","embeddable":true,"href":"https:\/\/www.real.edu.ee\/ajaveeb\/arh129c\/wp-json\/wp\/v2\/categories?post=1129"},{"taxonomy":"post_tag","embeddable":true,"href":"https:\/\/www.real.edu.ee\/ajaveeb\/arh129c\/wp-json\/wp\/v2\/tags?post=1129"}],"curies":[{"name":"wp","href":"https:\/\/api.w.org\/{rel}","templated":true}]}}