{"id":52,"date":"2010-11-24T18:20:54","date_gmt":"2010-11-24T15:20:54","guid":{"rendered":"http:\/\/www.real.edu.ee\/ajaveeb\/129b\/?p=52"},"modified":"2010-11-24T18:20:54","modified_gmt":"2010-11-24T15:20:54","slug":"matemaatika-olumpiaad","status":"publish","type":"post","link":"https:\/\/www.real.edu.ee\/ajaveeb\/arh129b\/2010\/11\/24\/matemaatika-olumpiaad\/","title":{"rendered":"Matemaatika ol\u00fcmpiaad"},"content":{"rendered":"<p style=\"text-align: justified\"><a title=\"Math (31\/365) by tkamenick, on Flickr\" href=\"http:\/\/www.flickr.com\/photos\/35064820@N00\/3950391591\/\"><img loading=\"lazy\" decoding=\"async\" src=\"http:\/\/farm4.static.flickr.com\/3630\/3950391591_b51147bce2.jpg\" alt=\"Math (31\/365)\" width=\"500\" height=\"333\" \/><\/a><br \/>\nTere ajaveeb! \u00dcritan\/\u00fcritame n\u00fc\u00fcd sinuga korralikult algust teha &#8211; blogi h\u00e4sti alustamiseks tuleks r\u00e4\u00e4kida t\u00e4na \u00fcleriigiliselt toimunud matemaatika ol\u00fcmpiaadi koolivoorust. Meie klassist osales vist ~25 \u00f5pilast 36-st. V\u00f5rreldes teiste klassidega Tallinna Reaalkoolis, ei ole see arv v\u00e4ga imeline, kuid n\u00e4iteks oma s\u00f5pradega N\u00f5mme p\u00f5hikoolist v\u00f5rreldes on see arv suur. Nende klassides valiti v\u00e4lja \u00fcks osahulk \u00f5pilasi, kes said ol\u00fcmpiaadil osaleda.<\/p>\n<p style=\"text-align: left\">Peale ol\u00fcmpiaadi oma klassikaaslastelt uurides, olid tulemused ja arvamused v\u00e4ga erinevad: osad suutsid lahendada kas k\u00f5ik v\u00f5i enamus \u00fclesandeid, kuid m\u00f5ned j\u00e4id ainult \u00fche \u00fclesande piiridesse ja lahendasid sellegi valesti. Loodame parimaid tulemusi ja palju edasip\u00e4\u00e4sejaid j\u00e4rgmisesse vooru &#8211; piirkonnavooru!<\/p>\n<p style=\"text-align: left\">27. novembril on tulemas f\u00fc\u00fcsikas lahtine v\u00f5istlus. Loodame, et meie klassi esindajad on tublid ja l\u00f6\u00f6vad l\u00e4bi ning p\u00e4\u00e4sevad edasi. Olen kuulnud, et k\u00e4ivad ettevalmistused ja ootused on suured!<\/p>\n<p style=\"text-align: left\">J\u00f5uludeni on j\u00e4\u00e4nud ei v\u00e4hem ega rohkem kui kuu aega, pingutage ja olge tublid!<\/p>\n","protected":false},"excerpt":{"rendered":"<p>Tere ajaveeb! \u00dcritan\/\u00fcritame n\u00fc\u00fcd sinuga korralikult algust teha &#8211; blogi h\u00e4sti alustamiseks tuleks r\u00e4\u00e4kida t\u00e4na \u00fcleriigiliselt toimunud matemaatika ol\u00fcmpiaadi koolivoorust. Meie klassist osales vist ~25 \u00f5pilast 36-st. V\u00f5rreldes teiste klassidega Tallinna Reaalkoolis, ei ole see arv v\u00e4ga imeline, kuid n\u00e4iteks oma s\u00f5pradega N\u00f5mme p\u00f5hikoolist v\u00f5rreldes on see arv suur. Nende klassides valiti v\u00e4lja \u00fcks osahulk [&hellip;]<\/p>\n","protected":false},"author":1,"featured_media":0,"comment_status":"open","ping_status":"open","sticky":false,"template":"","format":"standard","meta":{"footnotes":""},"categories":[4],"tags":[],"class_list":["post-52","post","type-post","status-publish","format-standard","hentry","category-9-klass"],"_links":{"self":[{"href":"https:\/\/www.real.edu.ee\/ajaveeb\/arh129b\/wp-json\/wp\/v2\/posts\/52","targetHints":{"allow":["GET"]}}],"collection":[{"href":"https:\/\/www.real.edu.ee\/ajaveeb\/arh129b\/wp-json\/wp\/v2\/posts"}],"about":[{"href":"https:\/\/www.real.edu.ee\/ajaveeb\/arh129b\/wp-json\/wp\/v2\/types\/post"}],"author":[{"embeddable":true,"href":"https:\/\/www.real.edu.ee\/ajaveeb\/arh129b\/wp-json\/wp\/v2\/users\/1"}],"replies":[{"embeddable":true,"href":"https:\/\/www.real.edu.ee\/ajaveeb\/arh129b\/wp-json\/wp\/v2\/comments?post=52"}],"version-history":[{"count":0,"href":"https:\/\/www.real.edu.ee\/ajaveeb\/arh129b\/wp-json\/wp\/v2\/posts\/52\/revisions"}],"wp:attachment":[{"href":"https:\/\/www.real.edu.ee\/ajaveeb\/arh129b\/wp-json\/wp\/v2\/media?parent=52"}],"wp:term":[{"taxonomy":"category","embeddable":true,"href":"https:\/\/www.real.edu.ee\/ajaveeb\/arh129b\/wp-json\/wp\/v2\/categories?post=52"},{"taxonomy":"post_tag","embeddable":true,"href":"https:\/\/www.real.edu.ee\/ajaveeb\/arh129b\/wp-json\/wp\/v2\/tags?post=52"}],"curies":[{"name":"wp","href":"https:\/\/api.w.org\/{rel}","templated":true}]}}