{"id":30,"date":"2010-11-17T00:34:15","date_gmt":"2010-11-16T21:34:15","guid":{"rendered":"http:\/\/www.real.edu.ee\/ajaveeb\/129a\/?p=30"},"modified":"2010-11-17T00:34:15","modified_gmt":"2010-11-16T21:34:15","slug":"kooli-sunnipaev","status":"publish","type":"post","link":"https:\/\/www.real.edu.ee\/ajaveeb\/arh129a\/2010\/11\/17\/kooli-sunnipaev\/","title":{"rendered":"KOOLI S\u00dcNNIP\u00c4EV"},"content":{"rendered":"<p>Postitused on n\u00fc\u00fcd k\u00fcll natukene vales j\u00e4rjekorras, aga pole hullu.<\/p>\n<p><strong>Kooli s\u00fcnnip\u00e4eval<\/strong> s\u00f5ime <strong>muffineid<\/strong>, mida eelmine \u00f5htu kambakesi Miina juures valmistamas k\u00e4idi.<\/p>\n<p>Klassile pidas k\u00f5net ka meie kooli<strong> vilistlane<\/strong>.<\/p>\n<p>Juhtusime n\u00e4gema ka meie kooli vilistlast <strong>Erich Kriegerit, <\/strong>kes kinkis klassijuhatajale oma plaadi,<\/p>\n<p>ning\u00a0<strong>Roger<\/strong> kasutas v\u00f5imalust ja palus temalt <strong>autogrammi.<\/strong><\/p>\n<p>J\u00e4rgnevad pildid on\u00a0<strong>Petra<\/strong> tehtud:<\/p>\n<div id=\"attachment_33\" style=\"width: 310px\" class=\"wp-caption aligncenter\"><a href=\"http:\/\/www.real.edu.ee\/ajaveeb\/arh129a\/files\/2010\/11\/IMGP7950.jpg\"><img loading=\"lazy\" decoding=\"async\" aria-describedby=\"caption-attachment-33\" class=\"size-medium wp-image-33 \" src=\"http:\/\/www.real.edu.ee\/ajaveeb\/arh129a\/files\/2010\/11\/IMGP7950-300x199.jpg\" alt=\"\" width=\"300\" height=\"199\" srcset=\"https:\/\/www.real.edu.ee\/ajaveeb\/arh129a\/files\/2010\/11\/IMGP7950-300x199.jpg 300w, https:\/\/www.real.edu.ee\/ajaveeb\/arh129a\/files\/2010\/11\/IMGP7950-1024x680.jpg 1024w, https:\/\/www.real.edu.ee\/ajaveeb\/arh129a\/files\/2010\/11\/IMGP7950-451x300.jpg 451w, https:\/\/www.real.edu.ee\/ajaveeb\/arh129a\/files\/2010\/11\/IMGP7950.jpg 1600w\" sizes=\"auto, (max-width: 300px) 100vw, 300px\" \/><\/a><p id=\"caption-attachment-33\" class=\"wp-caption-text\">KOOLIMAJA<\/p><\/div>\n<div id=\"attachment_31\" style=\"width: 310px\" class=\"wp-caption aligncenter\"><a href=\"http:\/\/www.real.edu.ee\/ajaveeb\/arh129a\/files\/2010\/11\/IMGP7973.jpg\"><img loading=\"lazy\" decoding=\"async\" aria-describedby=\"caption-attachment-31\" class=\"size-medium wp-image-31\" src=\"http:\/\/www.real.edu.ee\/ajaveeb\/arh129a\/files\/2010\/11\/IMGP7973-300x199.jpg\" alt=\"ROGER K\u00dcSIMAS ERICH KRIEGERILT AUTOGRAMMI\" width=\"300\" height=\"199\" srcset=\"https:\/\/www.real.edu.ee\/ajaveeb\/arh129a\/files\/2010\/11\/IMGP7973-300x199.jpg 300w, https:\/\/www.real.edu.ee\/ajaveeb\/arh129a\/files\/2010\/11\/IMGP7973-1024x680.jpg 1024w, https:\/\/www.real.edu.ee\/ajaveeb\/arh129a\/files\/2010\/11\/IMGP7973-451x300.jpg 451w, https:\/\/www.real.edu.ee\/ajaveeb\/arh129a\/files\/2010\/11\/IMGP7973.jpg 1600w\" sizes=\"auto, (max-width: 300px) 100vw, 300px\" \/><\/a><p id=\"caption-attachment-31\" class=\"wp-caption-text\">ROGER K\u00dcSIMAS ERICH KRIEGERILT AUTOGRAMMI<\/p><\/div>\n<p style=\"text-align: center\">\n<div id=\"attachment_32\" style=\"width: 310px\" class=\"wp-caption aligncenter\"><a href=\"http:\/\/www.real.edu.ee\/ajaveeb\/arh129a\/files\/2010\/11\/IMGP7977.jpg\"><img loading=\"lazy\" decoding=\"async\" aria-describedby=\"caption-attachment-32\" class=\"size-medium wp-image-32\" src=\"http:\/\/www.real.edu.ee\/ajaveeb\/arh129a\/files\/2010\/11\/IMGP7977-300x199.jpg\" alt=\"\" width=\"300\" height=\"199\" srcset=\"https:\/\/www.real.edu.ee\/ajaveeb\/arh129a\/files\/2010\/11\/IMGP7977-300x199.jpg 300w, https:\/\/www.real.edu.ee\/ajaveeb\/arh129a\/files\/2010\/11\/IMGP7977-1024x680.jpg 1024w, https:\/\/www.real.edu.ee\/ajaveeb\/arh129a\/files\/2010\/11\/IMGP7977-451x300.jpg 451w, https:\/\/www.real.edu.ee\/ajaveeb\/arh129a\/files\/2010\/11\/IMGP7977.jpg 1600w\" sizes=\"auto, (max-width: 300px) 100vw, 300px\" \/><\/a><p id=\"caption-attachment-32\" class=\"wp-caption-text\">T\u00dcDRUKUD MUFFINEID S\u00d6\u00d6MAS<\/p><\/div>\n<div id=\"attachment_34\" style=\"width: 209px\" class=\"wp-caption aligncenter\"><a href=\"http:\/\/www.real.edu.ee\/ajaveeb\/arh129a\/files\/2010\/11\/IMGP7941.jpg\"><img loading=\"lazy\" decoding=\"async\" aria-describedby=\"caption-attachment-34\" class=\"size-medium wp-image-34\" src=\"http:\/\/www.real.edu.ee\/ajaveeb\/arh129a\/files\/2010\/11\/IMGP7941-199x300.jpg\" alt=\"\" width=\"199\" height=\"300\" srcset=\"https:\/\/www.real.edu.ee\/ajaveeb\/arh129a\/files\/2010\/11\/IMGP7941-199x300.jpg 199w, https:\/\/www.real.edu.ee\/ajaveeb\/arh129a\/files\/2010\/11\/IMGP7941-680x1024.jpg 680w, https:\/\/www.real.edu.ee\/ajaveeb\/arh129a\/files\/2010\/11\/IMGP7941.jpg 1063w\" sizes=\"auto, (max-width: 199px) 100vw, 199px\" \/><\/a><p id=\"caption-attachment-34\" class=\"wp-caption-text\">KOOLIM\u00dcTSIDEGA T\u00dcTARLAPSED<\/p><\/div>\n<div id=\"attachment_35\" style=\"width: 310px\" class=\"wp-caption aligncenter\"><a href=\"http:\/\/www.real.edu.ee\/ajaveeb\/arh129a\/files\/2010\/11\/IMGP7952.jpg\"><img loading=\"lazy\" decoding=\"async\" aria-describedby=\"caption-attachment-35\" class=\"size-medium wp-image-35\" src=\"http:\/\/www.real.edu.ee\/ajaveeb\/arh129a\/files\/2010\/11\/IMGP7952-300x228.jpg\" alt=\"\" width=\"300\" height=\"228\" srcset=\"https:\/\/www.real.edu.ee\/ajaveeb\/arh129a\/files\/2010\/11\/IMGP7952-300x228.jpg 300w, https:\/\/www.real.edu.ee\/ajaveeb\/arh129a\/files\/2010\/11\/IMGP7952-1024x781.jpg 1024w, https:\/\/www.real.edu.ee\/ajaveeb\/arh129a\/files\/2010\/11\/IMGP7952-393x300.jpg 393w, https:\/\/www.real.edu.ee\/ajaveeb\/arh129a\/files\/2010\/11\/IMGP7952.jpg 1600w\" sizes=\"auto, (max-width: 300px) 100vw, 300px\" \/><\/a><p id=\"caption-attachment-35\" class=\"wp-caption-text\">MUFFINID<\/p><\/div>\n","protected":false},"excerpt":{"rendered":"<p>Postitused on n\u00fc\u00fcd k\u00fcll natukene vales j\u00e4rjekorras, aga pole hullu. Kooli s\u00fcnnip\u00e4eval s\u00f5ime muffineid, mida eelmine \u00f5htu kambakesi Miina juures valmistamas k\u00e4idi. Klassile pidas k\u00f5net ka meie kooli vilistlane. Juhtusime n\u00e4gema ka meie kooli vilistlast Erich Kriegerit, kes kinkis klassijuhatajale oma plaadi, ning\u00a0Roger kasutas v\u00f5imalust ja palus temalt autogrammi. J\u00e4rgnevad pildid on\u00a0Petra tehtud:<\/p>\n","protected":false},"author":1,"featured_media":0,"comment_status":"open","ping_status":"open","sticky":false,"template":"","format":"standard","meta":{"footnotes":""},"categories":[4],"tags":[],"class_list":["post-30","post","type-post","status-publish","format-standard","hentry","category-uheksas-klass"],"_links":{"self":[{"href":"https:\/\/www.real.edu.ee\/ajaveeb\/arh129a\/wp-json\/wp\/v2\/posts\/30","targetHints":{"allow":["GET"]}}],"collection":[{"href":"https:\/\/www.real.edu.ee\/ajaveeb\/arh129a\/wp-json\/wp\/v2\/posts"}],"about":[{"href":"https:\/\/www.real.edu.ee\/ajaveeb\/arh129a\/wp-json\/wp\/v2\/types\/post"}],"author":[{"embeddable":true,"href":"https:\/\/www.real.edu.ee\/ajaveeb\/arh129a\/wp-json\/wp\/v2\/users\/1"}],"replies":[{"embeddable":true,"href":"https:\/\/www.real.edu.ee\/ajaveeb\/arh129a\/wp-json\/wp\/v2\/comments?post=30"}],"version-history":[{"count":0,"href":"https:\/\/www.real.edu.ee\/ajaveeb\/arh129a\/wp-json\/wp\/v2\/posts\/30\/revisions"}],"wp:attachment":[{"href":"https:\/\/www.real.edu.ee\/ajaveeb\/arh129a\/wp-json\/wp\/v2\/media?parent=30"}],"wp:term":[{"taxonomy":"category","embeddable":true,"href":"https:\/\/www.real.edu.ee\/ajaveeb\/arh129a\/wp-json\/wp\/v2\/categories?post=30"},{"taxonomy":"post_tag","embeddable":true,"href":"https:\/\/www.real.edu.ee\/ajaveeb\/arh129a\/wp-json\/wp\/v2\/tags?post=30"}],"curies":[{"name":"wp","href":"https:\/\/api.w.org\/{rel}","templated":true}]}}