{"id":221,"date":"2010-06-28T00:15:54","date_gmt":"2010-06-27T22:15:54","guid":{"rendered":"http:\/\/www.real.edu.ee\/ajaveeb\/128c\/?p=221"},"modified":"2010-06-28T00:15:54","modified_gmt":"2010-06-27T22:15:54","slug":"ongi-vist-labi","status":"publish","type":"post","link":"https:\/\/www.real.edu.ee\/ajaveeb\/arh128c\/2010\/06\/28\/ongi-vist-labi\/","title":{"rendered":"Ongi vist l\u00e4bi"},"content":{"rendered":"<p><a href=\"http:\/\/www.real.edu.ee\/ajaveeb\/arh128c\/files\/2010\/06\/DSC_1514.jpg\"><img loading=\"lazy\" decoding=\"async\" class=\"aligncenter size-medium wp-image-232\" src=\"http:\/\/www.real.edu.ee\/ajaveeb\/128c\/wp-content\/uploads\/2010\/06\/DSC_1514-300x200.jpg\" alt=\"\" width=\"300\" height=\"200\" srcset=\"https:\/\/www.real.edu.ee\/ajaveeb\/arh128c\/files\/2010\/06\/DSC_1514-300x200.jpg 300w, https:\/\/www.real.edu.ee\/ajaveeb\/arh128c\/files\/2010\/06\/DSC_1514-1024x685.jpg 1024w\" sizes=\"auto, (max-width: 300px) 100vw, 300px\" \/><\/a>Selleks korraks l\u00e4bi, t\u00f5en\u00e4oliselt enam kunagi mitte uuesti. Selle seltskonnaga, niimoodi. Noored ja ullikesed nagu me oleme (olime).<\/p>\n<p>Ja l\u00f5puks ma m\u00f5tlen ikka, et oli tore kooslus &#8211; klass. Et v\u00f5iks ju veel j\u00e4\u00e4da nii. Selline v\u00e4ike igatsuski on sees. Aga las tuleb k\u00f5ik uus peale. Varsti ei tule p\u00e4hegi enam teisiti.<\/p>\n<p>Arvan, et nii m\u00f5nigi sai sellest klassist p\u00fcsivaid s\u00f5pru. Nii m\u00f5nedki j\u00e4tkavad koos ja m\u00f5ned l\u00e4hevad \u00fcksi ka edasi. Meile j\u00e4\u00e4vad alati kokkutulekud!<\/p>\n<p>Tahtsin \u00fctleda, et klassiekskursioon oli hea! Ait\u00e4h et te tulite ja olite. (V\u00e4ikese hilinemisega tuleb mul k\u00f5ik, nagu ikka.)<\/p>\n<p>Enne g\u00fcmnaasiumisse astumise paberite sisseviimist t\u00f5mbaks siiski joone alla. Tehniliselt pole mul nagu \u00f5igustki enam. Pole 128c enam minu klasski. A&#8217;sse kolin \u00fcmber.<\/p>\n<p>Kasutan \u00fcpris nahaalselt oma \u00f5igusi \u00e4ra. Teen sellise vara\u00f6ise sissekande.<\/p>\n<p>Ait\u00e4h k\u00f5igile klassikaaslastele!<\/p>\n<p>Ei unusta kedagi, Petsi, Ainarit, Daisit ka.<\/p>\n<p>Ja siia alla ootan suve l\u00e4bi kommentaare. Stiilis &#8220;t\u00e4na oli ilus p\u00e4ev s\u00f6\u00f6n praegu maasikaid, s\u00e4\u00e4sepunn s\u00fcgeleb&#8221; v\u00f5i \u00fckstapuha mis juttu. Ehk isegi midagi s\u00fcdamelt \u00e4ra klassile. V\u00f5i lihtsalt tuleb samasugune veider isu midagi \u00f6elda nagu mul praegu.<\/p>\n<p>\u00dclihead suve!<\/p>\n<p>Usun, et k\u00f5ik me saame edaspidi kenasti hakkama.<\/p>\n<p>Viimast korda klassivanem Haldi K\u00fcla<\/p>\n<p style=\"text-align: center\">Side l\u00f5pp!<\/p>\n","protected":false},"excerpt":{"rendered":"<p>Selleks korraks l\u00e4bi, t\u00f5en\u00e4oliselt enam kunagi mitte uuesti. Selle seltskonnaga, niimoodi. Noored ja ullikesed nagu me oleme (olime). Ja l\u00f5puks ma m\u00f5tlen ikka, et oli tore kooslus &#8211; klass. Et v\u00f5iks ju veel j\u00e4\u00e4da nii. Selline v\u00e4ike igatsuski on sees. Aga las tuleb k\u00f5ik uus peale. Varsti ei tule p\u00e4hegi enam teisiti. Arvan, et nii [&hellip;]<\/p>\n","protected":false},"author":1,"featured_media":0,"comment_status":"open","ping_status":"open","sticky":false,"template":"","format":"standard","meta":{"footnotes":""},"categories":[1],"tags":[],"class_list":["post-221","post","type-post","status-publish","format-standard","hentry","category-maaratlemata"],"_links":{"self":[{"href":"https:\/\/www.real.edu.ee\/ajaveeb\/arh128c\/wp-json\/wp\/v2\/posts\/221","targetHints":{"allow":["GET"]}}],"collection":[{"href":"https:\/\/www.real.edu.ee\/ajaveeb\/arh128c\/wp-json\/wp\/v2\/posts"}],"about":[{"href":"https:\/\/www.real.edu.ee\/ajaveeb\/arh128c\/wp-json\/wp\/v2\/types\/post"}],"author":[{"embeddable":true,"href":"https:\/\/www.real.edu.ee\/ajaveeb\/arh128c\/wp-json\/wp\/v2\/users\/1"}],"replies":[{"embeddable":true,"href":"https:\/\/www.real.edu.ee\/ajaveeb\/arh128c\/wp-json\/wp\/v2\/comments?post=221"}],"version-history":[{"count":0,"href":"https:\/\/www.real.edu.ee\/ajaveeb\/arh128c\/wp-json\/wp\/v2\/posts\/221\/revisions"}],"wp:attachment":[{"href":"https:\/\/www.real.edu.ee\/ajaveeb\/arh128c\/wp-json\/wp\/v2\/media?parent=221"}],"wp:term":[{"taxonomy":"category","embeddable":true,"href":"https:\/\/www.real.edu.ee\/ajaveeb\/arh128c\/wp-json\/wp\/v2\/categories?post=221"},{"taxonomy":"post_tag","embeddable":true,"href":"https:\/\/www.real.edu.ee\/ajaveeb\/arh128c\/wp-json\/wp\/v2\/tags?post=221"}],"curies":[{"name":"wp","href":"https:\/\/api.w.org\/{rel}","templated":true}]}}