{"id":463,"date":"2011-08-26T16:14:49","date_gmt":"2011-08-26T12:14:49","guid":{"rendered":"http:\/\/www.real.edu.ee\/ajaveeb\/127b\/?p=463"},"modified":"2011-08-26T16:14:49","modified_gmt":"2011-08-26T12:14:49","slug":"127-lennu-kooliaasta-algus","status":"publish","type":"post","link":"https:\/\/www.real.edu.ee\/ajaveeb\/arh127b\/2011\/08\/26\/127-lennu-kooliaasta-algus\/","title":{"rendered":"127. lennu kooliaasta algus"},"content":{"rendered":"<pre>Meie koolaasta alguse kokkusaamine toimub esmasp\u00e4eval 29. augustil kell 12.<\/pre>\n<pre>Kohtume N\u00f5mmel Glehni lossi juures. Sinna saab bussiga nr 10 (V\u00e4\u00e4na peatus),<\/pre>\n<pre>Hiiu staadionist m\u00f6\u00f6da ja vasakule ....<\/pre>\n<pre><strong>P\u00e4evakavas:<\/strong>\n<em>Tutvumine Glehni lossi ja pargiga Piret Otsa s\u00fctitav infotund ja \u00fclesannete jagamine uueks aastaks piknik ja sportlik ajaviide spordikeskuses<\/em><\/pre>\n<pre>\nInfoks: Riietus vastavalt ilmale, piknikukott nii endale kui s\u00f5brale,<\/pre>\n<pre>v\u00f5imalus m\u00e4ngida v\u00f5rkpalli, turnida ja ujuda, olemas ka kohvik.\n\n<span style=\"color: #ff0000\"><strong>NB! Mitteosalemisest teatada klassijuhatjatele hiljemalt reedeks.<\/strong><\/span><\/pre>\n","protected":false},"excerpt":{"rendered":"<p>Meie koolaasta alguse kokkusaamine toimub esmasp\u00e4eval 29. augustil kell 12. Kohtume N\u00f5mmel Glehni lossi juures. Sinna saab bussiga nr 10 (V\u00e4\u00e4na peatus), Hiiu staadionist m\u00f6\u00f6da ja vasakule &#8230;. P\u00e4evakavas: Tutvumine Glehni lossi ja pargiga Piret Otsa s\u00fctitav infotund ja \u00fclesannete jagamine uueks aastaks piknik ja sportlik ajaviide spordikeskuses Infoks: Riietus vastavalt ilmale, piknikukott nii endale [&hellip;]<\/p>\n","protected":false},"author":1,"featured_media":0,"comment_status":"open","ping_status":"open","sticky":false,"template":"","format":"standard","meta":{"footnotes":""},"categories":[5],"tags":[],"class_list":["post-463","post","type-post","status-publish","format-standard","hentry","category-sundmused"],"_links":{"self":[{"href":"https:\/\/www.real.edu.ee\/ajaveeb\/arh127b\/wp-json\/wp\/v2\/posts\/463","targetHints":{"allow":["GET"]}}],"collection":[{"href":"https:\/\/www.real.edu.ee\/ajaveeb\/arh127b\/wp-json\/wp\/v2\/posts"}],"about":[{"href":"https:\/\/www.real.edu.ee\/ajaveeb\/arh127b\/wp-json\/wp\/v2\/types\/post"}],"author":[{"embeddable":true,"href":"https:\/\/www.real.edu.ee\/ajaveeb\/arh127b\/wp-json\/wp\/v2\/users\/1"}],"replies":[{"embeddable":true,"href":"https:\/\/www.real.edu.ee\/ajaveeb\/arh127b\/wp-json\/wp\/v2\/comments?post=463"}],"version-history":[{"count":0,"href":"https:\/\/www.real.edu.ee\/ajaveeb\/arh127b\/wp-json\/wp\/v2\/posts\/463\/revisions"}],"wp:attachment":[{"href":"https:\/\/www.real.edu.ee\/ajaveeb\/arh127b\/wp-json\/wp\/v2\/media?parent=463"}],"wp:term":[{"taxonomy":"category","embeddable":true,"href":"https:\/\/www.real.edu.ee\/ajaveeb\/arh127b\/wp-json\/wp\/v2\/categories?post=463"},{"taxonomy":"post_tag","embeddable":true,"href":"https:\/\/www.real.edu.ee\/ajaveeb\/arh127b\/wp-json\/wp\/v2\/tags?post=463"}],"curies":[{"name":"wp","href":"https:\/\/api.w.org\/{rel}","templated":true}]}}