{"id":154,"date":"2010-09-19T21:34:52","date_gmt":"2010-09-19T17:34:52","guid":{"rendered":"http:\/\/www.real.edu.ee\/ajaveeb\/127b\/?p=154"},"modified":"2010-09-19T21:34:52","modified_gmt":"2010-09-19T17:34:52","slug":"tehnoloogia-oppeekskursioon-kevadel","status":"publish","type":"post","link":"https:\/\/www.real.edu.ee\/ajaveeb\/arh127b\/2010\/09\/19\/tehnoloogia-oppeekskursioon-kevadel\/","title":{"rendered":"Tehnoloogia \u00f5ppeekskursioon kevadel"},"content":{"rendered":"<p>4. mail k\u00e4isid tehnoloogid \u00f5ppeekskursioonil marsuudil:\u00a0 Harku alajaam(Estlink) &#8211; Keila-Joa h\u00fcdroelektrijaam &#8211; Pakri tuulepark.<\/p>\n<p>V\u00e4ljas\u00f5it oli kell \u00fcheksa hommikul. P\u00e4ev \u00f5ues ei t\u00f5etanud tulla, sest \u00f5ues kallas ja oli mai kohta kohe v\u00e4ga k\u00fclm, aga ega me suhkrust polnud. Asusime bussis teele v\u00f5ileivake taskus. P\u00e4eva jooksul tutvustati meile erinevaid s\u00fcsteeme ja tehnoloogiaid. Pakri tuulepargis oli meil v\u00f5imalus isegi \u00fche tuuliku sisse ronida.<\/p>\n<p><img loading=\"lazy\" decoding=\"async\" class=\"alignnone\" src=\"http:\/\/images17.fotki.com\/v529\/photos\/0\/1549910\/8696169\/_MG_1733-vi.jpg\" alt=\"\" width=\"500\" height=\"333\" \/><img loading=\"lazy\" decoding=\"async\" class=\"alignnone\" src=\"http:\/\/images110.fotki.com\/v569\/photos\/0\/1549910\/8696169\/_MG_1844-vi.jpg\" alt=\"\" width=\"333\" height=\"500\" \/><img loading=\"lazy\" decoding=\"async\" class=\"alignnone\" src=\"http:\/\/images54.fotki.com\/v460\/photos\/0\/1549910\/8696169\/_MG_1917-vi.jpg\" alt=\"\" width=\"500\" height=\"333\" \/><img loading=\"lazy\" decoding=\"async\" class=\"alignnone\" src=\"http:\/\/images56.fotki.com\/v1600\/photos\/0\/1549910\/8696169\/_MG_1950-vi.jpg\" alt=\"\" width=\"533\" height=\"800\" \/><\/p>\n<p>K\u00f5ik pildid on Kapsari poolt tehtud Harju alajaamas, Keila-Joa h\u00fcdroelektrijaamas ja Pakri tuulepargis.<\/p>\n<p>Trine<\/p>\n","protected":false},"excerpt":{"rendered":"<p>4. mail k\u00e4isid tehnoloogid \u00f5ppeekskursioonil marsuudil:\u00a0 Harku alajaam(Estlink) &#8211; Keila-Joa h\u00fcdroelektrijaam &#8211; Pakri tuulepark. V\u00e4ljas\u00f5it oli kell \u00fcheksa hommikul. P\u00e4ev \u00f5ues ei t\u00f5etanud tulla, sest \u00f5ues kallas ja oli mai kohta kohe v\u00e4ga k\u00fclm, aga ega me suhkrust polnud. Asusime bussis teele v\u00f5ileivake taskus. P\u00e4eva jooksul tutvustati meile erinevaid s\u00fcsteeme ja tehnoloogiaid. Pakri tuulepargis oli [&hellip;]<\/p>\n","protected":false},"author":1,"featured_media":0,"comment_status":"open","ping_status":"open","sticky":false,"template":"","format":"standard","meta":{"footnotes":""},"categories":[5],"tags":[],"class_list":["post-154","post","type-post","status-publish","format-standard","hentry","category-sundmused"],"_links":{"self":[{"href":"https:\/\/www.real.edu.ee\/ajaveeb\/arh127b\/wp-json\/wp\/v2\/posts\/154","targetHints":{"allow":["GET"]}}],"collection":[{"href":"https:\/\/www.real.edu.ee\/ajaveeb\/arh127b\/wp-json\/wp\/v2\/posts"}],"about":[{"href":"https:\/\/www.real.edu.ee\/ajaveeb\/arh127b\/wp-json\/wp\/v2\/types\/post"}],"author":[{"embeddable":true,"href":"https:\/\/www.real.edu.ee\/ajaveeb\/arh127b\/wp-json\/wp\/v2\/users\/1"}],"replies":[{"embeddable":true,"href":"https:\/\/www.real.edu.ee\/ajaveeb\/arh127b\/wp-json\/wp\/v2\/comments?post=154"}],"version-history":[{"count":0,"href":"https:\/\/www.real.edu.ee\/ajaveeb\/arh127b\/wp-json\/wp\/v2\/posts\/154\/revisions"}],"wp:attachment":[{"href":"https:\/\/www.real.edu.ee\/ajaveeb\/arh127b\/wp-json\/wp\/v2\/media?parent=154"}],"wp:term":[{"taxonomy":"category","embeddable":true,"href":"https:\/\/www.real.edu.ee\/ajaveeb\/arh127b\/wp-json\/wp\/v2\/categories?post=154"},{"taxonomy":"post_tag","embeddable":true,"href":"https:\/\/www.real.edu.ee\/ajaveeb\/arh127b\/wp-json\/wp\/v2\/tags?post=154"}],"curies":[{"name":"wp","href":"https:\/\/api.w.org\/{rel}","templated":true}]}}