{"id":470,"date":"2010-05-04T12:43:11","date_gmt":"2010-05-04T17:43:11","guid":{"rendered":"http:\/\/www.real.edu.ee\/ajaveeb\/126c\/?p=470"},"modified":"2010-05-04T12:43:11","modified_gmt":"2010-05-04T17:43:11","slug":"nii-aja-ratas-ringi-kaib","status":"publish","type":"post","link":"https:\/\/www.real.edu.ee\/ajaveeb\/arh126c\/2010\/05\/04\/nii-aja-ratas-ringi-kaib\/","title":{"rendered":"&#8220;Nii aja ratas ringi k\u00e4ib&#8230;&#8221;"},"content":{"rendered":"<p>V\u00e4ike m\u00e4lestus siis sellest, kuidas 12ndikel tunnid otsa said.<\/p>\n<p>21. aprill 2010<\/p>\n<p>&#8220;T\u00e4na heliseb teile koolikell viimased 12 korda&#8230;&#8221;<br \/>\nmidagi sellist mainis Polma t\u00e4na 12ndikele aulas, nii umbes 10-20 minutit enne seda kui l\u00f5pukell 13 korda l\u00f5i, v\u00e4hemlat minu arvutuste kohaselt\u00a0 xD<br \/>\n<img loading=\"lazy\" decoding=\"async\" class=\"alignright\" style=\"border: 0pt none\" src=\"http:\/\/www.guzer.com\/pictures\/good_luck_sign.jpg\" border=\"0\" alt=\"\" width=\"177\" height=\"251\" \/><br \/>\nT\u00e4nane 12ndike l\u00f5pukell pani t\u00e4itsa m\u00f5tlema, et ega ka meil pole enam palju selleni j\u00e4\u00e4nud. Nagu keegi mainis, siis vaid 365 p\u00e4eva. V\u00f5i noh, midagi sinna kanti. 1 aasta veel&#8230; t\u00e4na aktust kuulates keerles mul kogu aeg peas m\u00f5te &#8220;peaaegu&#8230; ainult natuke veel&#8230; varsti on k\u00f5ik l\u00e4bi&#8230; varsti on k\u00f5ik m\u00f6\u00f6das&#8230;&#8221;<\/p>\n<p>Vahepeal l\u00e4ks silme-eest t\u00e4itsa kirjuks ja v\u00f5ttis jalad n\u00f5rgaks&#8230; siis kui me olime 2se ja 3nda korruse vahepeal v\u00e4iksel k\u00f5rvaltrepil t\u00fckk aega oodanud, kuni kogu 12ndike rahvariietest kirju v\u00e4gi kolmandalt korruselt v\u00e4lja treppikotta ja sealt neljandale korrusele oli saanud. Selle ajaga oli pikk saba juba nende t\u00f5ttu tekkinud, nii et selleks ajaks, kui me neljandale saksakeelde j\u00f5udsime, polnud meie rahvuslastest enam \u00fchtegi v\u00e4rvilist triipu n\u00e4ha&#8230;<\/p>\n<p>Aga Good Luck! neile eksamitega ja meile veel \u00fche aastakese v\u00e4lja kannatamisega ning ka oma \u00f5ige tee leidmisega. Praegu peame meie aga olevikule keskenduma, 11nda klassi \u00e4ra l\u00f5petama ja eksamid l\u00e4bima.<\/p>\n","protected":false},"excerpt":{"rendered":"<p>V\u00e4ike m\u00e4lestus siis sellest, kuidas 12ndikel tunnid otsa said. 21. aprill 2010 &#8220;T\u00e4na heliseb teile koolikell viimased 12 korda&#8230;&#8221; midagi sellist mainis Polma t\u00e4na 12ndikele aulas, nii umbes 10-20 minutit enne seda kui l\u00f5pukell 13 korda l\u00f5i, v\u00e4hemlat minu arvutuste kohaselt\u00a0 xD T\u00e4nane 12ndike l\u00f5pukell pani t\u00e4itsa m\u00f5tlema, et ega ka meil pole enam palju [&hellip;]<\/p>\n","protected":false},"author":1,"featured_media":0,"comment_status":"open","ping_status":"open","sticky":false,"template":"","format":"standard","meta":{"footnotes":""},"categories":[4],"tags":[],"class_list":["post-470","post","type-post","status-publish","format-standard","hentry","category-maaramata"],"_links":{"self":[{"href":"https:\/\/www.real.edu.ee\/ajaveeb\/arh126c\/wp-json\/wp\/v2\/posts\/470","targetHints":{"allow":["GET"]}}],"collection":[{"href":"https:\/\/www.real.edu.ee\/ajaveeb\/arh126c\/wp-json\/wp\/v2\/posts"}],"about":[{"href":"https:\/\/www.real.edu.ee\/ajaveeb\/arh126c\/wp-json\/wp\/v2\/types\/post"}],"author":[{"embeddable":true,"href":"https:\/\/www.real.edu.ee\/ajaveeb\/arh126c\/wp-json\/wp\/v2\/users\/1"}],"replies":[{"embeddable":true,"href":"https:\/\/www.real.edu.ee\/ajaveeb\/arh126c\/wp-json\/wp\/v2\/comments?post=470"}],"version-history":[{"count":0,"href":"https:\/\/www.real.edu.ee\/ajaveeb\/arh126c\/wp-json\/wp\/v2\/posts\/470\/revisions"}],"wp:attachment":[{"href":"https:\/\/www.real.edu.ee\/ajaveeb\/arh126c\/wp-json\/wp\/v2\/media?parent=470"}],"wp:term":[{"taxonomy":"category","embeddable":true,"href":"https:\/\/www.real.edu.ee\/ajaveeb\/arh126c\/wp-json\/wp\/v2\/categories?post=470"},{"taxonomy":"post_tag","embeddable":true,"href":"https:\/\/www.real.edu.ee\/ajaveeb\/arh126c\/wp-json\/wp\/v2\/tags?post=470"}],"curies":[{"name":"wp","href":"https:\/\/api.w.org\/{rel}","templated":true}]}}