{"id":354,"date":"2009-02-18T07:54:50","date_gmt":"2009-02-18T12:54:50","guid":{"rendered":"http:\/\/www.real.edu.ee\/ajaveeb\/126c\/?p=354"},"modified":"2009-02-18T07:54:50","modified_gmt":"2009-02-18T12:54:50","slug":"teated","status":"publish","type":"post","link":"https:\/\/www.real.edu.ee\/ajaveeb\/arh126c\/2009\/02\/18\/teated\/","title":{"rendered":"Teated!"},"content":{"rendered":"<p>Homme, 19. veebruaril toimub meil aastaraamatu pildistamine. See peaks olema 6nda tunni ajal. K\u00f5ik kes hiljem aastaraamatut ei telli, peavad oma piltide eest maksma 25 EEK.<\/p>\n<p>\u00a0<\/p>\n<p>Homme toimub ka 7nda tunni ajal kodanikup\u00e4eva viktoriini n\u00f6. teine voor. Hetke seisuga juhib g\u00fcmnaasiumi arvestuses meie klass, kuid koos \u00f5petajate v\u00f5istkonnaga arvestades oleme teisel kohal.<br \/>\nTiimi kuulub 5 inimest:<br \/>\nMerili Luuk<br \/>\nBrit Helen Riisenberg<br \/>\nErkki Tuul<br \/>\nCarolin Laubre<br \/>\nSander Salurand<\/p>\n<p>\u00a0<\/p>\n<p>See reede toimub meil suusap\u00e4ev N\u00f5mmel, Trummis. Meie klassi suusatamine algab kell 12.00 ja l\u00f5ppeb 12.30. Distants on 1,5 km ning enamasti l\u00e4bitakse see 10-15 minutiga. Kohapeal on v\u00f5imalik ka suusalaenutus &#8211; 30EEK\/h, kuid kaasa tuleb v\u00f5tta \u00f5pilaspilet(!!) . Enne starti minemist tuleb ennast \u00e4ra registreerida ning peale l\u00f5petamist oma aeg \u00f6elda. K\u00f5ik kel v\u00f5imalik palun tulla, sest osalejate arvu j\u00e4rgi arvestatakse meile ka punktid, mis kanduvad \u00fcle &#8220;Spordi tabelisse&#8221;. Aasta l\u00f5pus kuulutatakse v\u00e4lja parim spordi klass. N\u00e4iteks, meie klass sai eelmine aasta karika ja raha ekskursiooni toetuseks. Meil lootust on, sest hetkel me oleme igal spordi \u00fcritusel olnud TOP 3-es.<br \/>\nN\u00f5mmele minek toimub iseseisvalt, kuid koolis peab olema esimesed kolm tundi, milleks on kaks keemiat ja f\u00fc\u00fcsika.<\/p>\n<p>\u00a0<\/p>\n<p>Esmasp\u00e4eval 23.veebruar toimub meil vene keele\/inglise keele tunni ajal(6 tund oli ?) aulas aktus. Kooli peab tulema \u00fcli pidulikult! Peale aktust toimuvad tunnid kas edasi v\u00f5i mitte &#8211; see on \u00f5petaja tahtel.<br \/>\nMeie kooli tulevad see aasta k\u00f5nelema Indrek Tarand ja v\u00f5ib-olla ka Edgar Savisaar(ta on kutsutud aga iseasi kas ta ka tuleb).<br \/>\n3nda tunni ajal peab klassist minema 3 esindajat, M\u00dcTSIDEGA, Reaali Poisi ette, kus meie kool, GAG ja Westholm asetavad sinna p\u00e4rjad, esineb segakoor.<br \/>\nKellel aga on soovi tulla vaatama, siis 7.40 t\u00f5stetakse lipud meie uhiuutesse varrastesse ning esineb lastekoor.<\/p>\n<p>24. veebruar ei toimu tunde.<\/p>\n","protected":false},"excerpt":{"rendered":"<p>Homme, 19. veebruaril toimub meil aastaraamatu pildistamine. See peaks olema 6nda tunni ajal. K\u00f5ik kes hiljem aastaraamatut ei telli, peavad oma piltide eest maksma 25 EEK. \u00a0 Homme toimub ka 7nda tunni ajal kodanikup\u00e4eva viktoriini n\u00f6. teine voor. Hetke seisuga juhib g\u00fcmnaasiumi arvestuses meie klass, kuid koos \u00f5petajate v\u00f5istkonnaga arvestades oleme teisel kohal. Tiimi kuulub [&hellip;]<\/p>\n","protected":false},"author":1,"featured_media":0,"comment_status":"open","ping_status":"open","sticky":false,"template":"","format":"standard","meta":{"footnotes":""},"categories":[7],"tags":[],"class_list":["post-354","post","type-post","status-publish","format-standard","hentry","category-uudised"],"_links":{"self":[{"href":"https:\/\/www.real.edu.ee\/ajaveeb\/arh126c\/wp-json\/wp\/v2\/posts\/354","targetHints":{"allow":["GET"]}}],"collection":[{"href":"https:\/\/www.real.edu.ee\/ajaveeb\/arh126c\/wp-json\/wp\/v2\/posts"}],"about":[{"href":"https:\/\/www.real.edu.ee\/ajaveeb\/arh126c\/wp-json\/wp\/v2\/types\/post"}],"author":[{"embeddable":true,"href":"https:\/\/www.real.edu.ee\/ajaveeb\/arh126c\/wp-json\/wp\/v2\/users\/1"}],"replies":[{"embeddable":true,"href":"https:\/\/www.real.edu.ee\/ajaveeb\/arh126c\/wp-json\/wp\/v2\/comments?post=354"}],"version-history":[{"count":0,"href":"https:\/\/www.real.edu.ee\/ajaveeb\/arh126c\/wp-json\/wp\/v2\/posts\/354\/revisions"}],"wp:attachment":[{"href":"https:\/\/www.real.edu.ee\/ajaveeb\/arh126c\/wp-json\/wp\/v2\/media?parent=354"}],"wp:term":[{"taxonomy":"category","embeddable":true,"href":"https:\/\/www.real.edu.ee\/ajaveeb\/arh126c\/wp-json\/wp\/v2\/categories?post=354"},{"taxonomy":"post_tag","embeddable":true,"href":"https:\/\/www.real.edu.ee\/ajaveeb\/arh126c\/wp-json\/wp\/v2\/tags?post=354"}],"curies":[{"name":"wp","href":"https:\/\/api.w.org\/{rel}","templated":true}]}}