{"id":834,"date":"2009-02-09T18:41:09","date_gmt":"2009-02-09T16:41:09","guid":{"rendered":"http:\/\/www.real.edu.ee\/ajaveeb\/125c\/?p=834"},"modified":"2009-02-09T18:41:09","modified_gmt":"2009-02-09T16:41:09","slug":"jalutuskaik-vanalinnas","status":"publish","type":"post","link":"https:\/\/www.real.edu.ee\/ajaveeb\/a125c\/2009\/02\/09\/jalutuskaik-vanalinnas\/","title":{"rendered":"Jalutusk\u00e4ik vanalinnas"},"content":{"rendered":"<p><a href=\"http:\/\/www.real.edu.ee\/ajaveeb\/a125c\/files\/2009\/02\/tallinn.jpg\"><img loading=\"lazy\" decoding=\"async\" class=\"alignleft size-medium wp-image-835\" title=\"Tallinna vanalinn\" src=\"http:\/\/www.real.edu.ee\/ajaveeb\/a125c\/files\/2009\/02\/tallinn-300x242.jpg\" alt=\"\" width=\"300\" height=\"242\" srcset=\"https:\/\/www.real.edu.ee\/ajaveeb\/a125c\/files\/2009\/02\/tallinn-300x242.jpg 300w, https:\/\/www.real.edu.ee\/ajaveeb\/a125c\/files\/2009\/02\/tallinn.jpg 743w\" sizes=\"auto, (max-width: 300px) 100vw, 300px\" \/><\/a>T\u00e4na k\u00e4isime klassiga (selle osaga, mis kohal oli) vanalinnas jautamas! H\u00e4sti vahva oli, k\u00f5ik olid Tallinna keskaegsest ajaloost v\u00e4ga huvitatud ning me k\u00f5ik saime t\u00e4nu \u00f5petaja juhendamisele palju teadlikumaks oma kodulinna minevikust ning olevikust! Kahjuks oli ilm veidi m\u00e4rjav\u00f5itu ning teed olid libedad, kuid see-eest p\u00e4ike paistis ning k\u00f5igil oli tuju hea, sest uurimist\u00f6\u00f6d saavad kohe-kohe valmis ning seega on j\u00e4lle \u00fcks mure v\u00e4hem, mille p\u00e4rast oma pead vaevata!<\/p>\n","protected":false},"excerpt":{"rendered":"<p>T\u00e4na k\u00e4isime klassiga (selle osaga, mis kohal oli) vanalinnas jautamas! H\u00e4sti vahva oli, k\u00f5ik olid Tallinna keskaegsest ajaloost v\u00e4ga huvitatud ning me k\u00f5ik saime t\u00e4nu \u00f5petaja juhendamisele palju teadlikumaks oma kodulinna minevikust ning olevikust! Kahjuks oli ilm veidi m\u00e4rjav\u00f5itu ning teed olid libedad, kuid see-eest p\u00e4ike paistis ning k\u00f5igil oli tuju hea, sest uurimist\u00f6\u00f6d saavad [&hellip;]<\/p>\n","protected":false},"author":1,"featured_media":0,"comment_status":"open","ping_status":"open","sticky":false,"template":"","format":"standard","meta":{"footnotes":""},"categories":[5],"tags":[17],"class_list":["post-834","post","type-post","status-publish","format-standard","hentry","category-uudised","tag-koolieluga-seotud-uritusedaktusedkoolisunnipaevad"],"_links":{"self":[{"href":"https:\/\/www.real.edu.ee\/ajaveeb\/a125c\/wp-json\/wp\/v2\/posts\/834","targetHints":{"allow":["GET"]}}],"collection":[{"href":"https:\/\/www.real.edu.ee\/ajaveeb\/a125c\/wp-json\/wp\/v2\/posts"}],"about":[{"href":"https:\/\/www.real.edu.ee\/ajaveeb\/a125c\/wp-json\/wp\/v2\/types\/post"}],"author":[{"embeddable":true,"href":"https:\/\/www.real.edu.ee\/ajaveeb\/a125c\/wp-json\/wp\/v2\/users\/1"}],"replies":[{"embeddable":true,"href":"https:\/\/www.real.edu.ee\/ajaveeb\/a125c\/wp-json\/wp\/v2\/comments?post=834"}],"version-history":[{"count":0,"href":"https:\/\/www.real.edu.ee\/ajaveeb\/a125c\/wp-json\/wp\/v2\/posts\/834\/revisions"}],"wp:attachment":[{"href":"https:\/\/www.real.edu.ee\/ajaveeb\/a125c\/wp-json\/wp\/v2\/media?parent=834"}],"wp:term":[{"taxonomy":"category","embeddable":true,"href":"https:\/\/www.real.edu.ee\/ajaveeb\/a125c\/wp-json\/wp\/v2\/categories?post=834"},{"taxonomy":"post_tag","embeddable":true,"href":"https:\/\/www.real.edu.ee\/ajaveeb\/a125c\/wp-json\/wp\/v2\/tags?post=834"}],"curies":[{"name":"wp","href":"https:\/\/api.w.org\/{rel}","templated":true}]}}