{"id":259,"date":"2009-02-01T16:51:16","date_gmt":"2009-02-01T14:51:16","guid":{"rendered":"http:\/\/www.real.edu.ee\/ajaveeb\/125c\/?p=259"},"modified":"2009-02-01T16:51:16","modified_gmt":"2009-02-01T14:51:16","slug":"parim-koor-2008","status":"publish","type":"post","link":"https:\/\/www.real.edu.ee\/ajaveeb\/a125c\/2009\/02\/01\/parim-koor-2008\/","title":{"rendered":"Parim koor 2008!"},"content":{"rendered":"<p>Tallinna Reaalkooli segakoor\u00a0valiti koos Tartu \u00dclikooli kammerkooriga\u00a02008. aasta parimaks kooriks!!! V\u00f5it tuli k\u00f5igile v\u00e4gagi ootamatult ning sellise \u00fcllatusega ei osanud keegi arvestada, kuna Reaalkooli segakoor oli nominentide hulgas ainuke koolikoor\u00a0teiste \u00fcle-eestiliselt tuntud suurkooride k\u00f5rval.<\/p>\n<p>Meie klassist andsid suure panuse segakoori v\u00f5itudesse P\u00f5ltsamaal ning Saaremaal Maarja, Kristel Olivia, Triin ning Ants-Erik.<\/p>\n<p>V\u00f5it kuulutati v\u00e4lja 31. jaanuaril Estonia kontserdisaalis koori\u00fchingu aastakontserdil.<\/p>\n<p>Palju \u00f5nne k\u00f5ikidele osav\u00f5tjatele!<\/p>\n","protected":false},"excerpt":{"rendered":"<p>Tallinna Reaalkooli segakoor\u00a0valiti koos Tartu \u00dclikooli kammerkooriga\u00a02008. aasta parimaks kooriks!!! V\u00f5it tuli k\u00f5igile v\u00e4gagi ootamatult ning sellise \u00fcllatusega ei osanud keegi arvestada, kuna Reaalkooli segakoor oli nominentide hulgas ainuke koolikoor\u00a0teiste \u00fcle-eestiliselt tuntud suurkooride k\u00f5rval. Meie klassist andsid suure panuse segakoori v\u00f5itudesse P\u00f5ltsamaal ning Saaremaal Maarja, Kristel Olivia, Triin ning Ants-Erik. V\u00f5it kuulutati v\u00e4lja 31. jaanuaril [&hellip;]<\/p>\n","protected":false},"author":65,"featured_media":0,"comment_status":"open","ping_status":"open","sticky":false,"template":"","format":"standard","meta":{"footnotes":""},"categories":[5],"tags":[7,10],"class_list":["post-259","post","type-post","status-publish","format-standard","hentry","category-uudised","tag-koor","tag-muusika"],"_links":{"self":[{"href":"https:\/\/www.real.edu.ee\/ajaveeb\/a125c\/wp-json\/wp\/v2\/posts\/259","targetHints":{"allow":["GET"]}}],"collection":[{"href":"https:\/\/www.real.edu.ee\/ajaveeb\/a125c\/wp-json\/wp\/v2\/posts"}],"about":[{"href":"https:\/\/www.real.edu.ee\/ajaveeb\/a125c\/wp-json\/wp\/v2\/types\/post"}],"author":[{"embeddable":true,"href":"https:\/\/www.real.edu.ee\/ajaveeb\/a125c\/wp-json\/wp\/v2\/users\/65"}],"replies":[{"embeddable":true,"href":"https:\/\/www.real.edu.ee\/ajaveeb\/a125c\/wp-json\/wp\/v2\/comments?post=259"}],"version-history":[{"count":0,"href":"https:\/\/www.real.edu.ee\/ajaveeb\/a125c\/wp-json\/wp\/v2\/posts\/259\/revisions"}],"wp:attachment":[{"href":"https:\/\/www.real.edu.ee\/ajaveeb\/a125c\/wp-json\/wp\/v2\/media?parent=259"}],"wp:term":[{"taxonomy":"category","embeddable":true,"href":"https:\/\/www.real.edu.ee\/ajaveeb\/a125c\/wp-json\/wp\/v2\/categories?post=259"},{"taxonomy":"post_tag","embeddable":true,"href":"https:\/\/www.real.edu.ee\/ajaveeb\/a125c\/wp-json\/wp\/v2\/tags?post=259"}],"curies":[{"name":"wp","href":"https:\/\/api.w.org\/{rel}","templated":true}]}}