{"id":660,"date":"2025-06-09T18:27:40","date_gmt":"2025-06-09T18:27:40","guid":{"rendered":"https:\/\/www.real.edu.ee\/ajaveeb\/151a\/?p=660"},"modified":"2025-06-10T18:34:15","modified_gmt":"2025-06-10T18:34:15","slug":"suvevaheaeg-ongi-kaes-%f0%9f%91%8f%f0%9f%8f%bb%f0%9f%8c%9e","status":"publish","type":"post","link":"https:\/\/www.real.edu.ee\/ajaveeb\/151a\/2025\/06\/09\/suvevaheaeg-ongi-kaes-%f0%9f%91%8f%f0%9f%8f%bb%f0%9f%8c%9e\/","title":{"rendered":"Suvevaheaeg ongi k\u00e4es! \ud83d\udc4f\ud83c\udffb\ud83c\udf1e"},"content":{"rendered":"<p>Kuna vihmase ilma t\u00f5ttu j\u00e4i \u00f5ueaktus \u00e4ra, kogunesime klassiruumides, et direktori k\u00f5net kuulata.<\/p>\n<p><img loading=\"lazy\" decoding=\"async\" class=\"alignnone size-medium wp-image-661\" src=\"http:\/\/www.real.edu.ee\/ajaveeb\/151a\/files\/2025\/06\/IMG_5455-300x225.jpeg\" alt=\"\" width=\"300\" height=\"225\" srcset=\"https:\/\/www.real.edu.ee\/ajaveeb\/151a\/files\/2025\/06\/IMG_5455-300x225.jpeg 300w, https:\/\/www.real.edu.ee\/ajaveeb\/151a\/files\/2025\/06\/IMG_5455-1024x768.jpeg 1024w, https:\/\/www.real.edu.ee\/ajaveeb\/151a\/files\/2025\/06\/IMG_5455-768x576.jpeg 768w, https:\/\/www.real.edu.ee\/ajaveeb\/151a\/files\/2025\/06\/IMG_5455-1536x1152.jpeg 1536w, https:\/\/www.real.edu.ee\/ajaveeb\/151a\/files\/2025\/06\/IMG_5455-2048x1536.jpeg 2048w\" sizes=\"auto, (max-width: 300px) 100vw, 300px\" \/> <img loading=\"lazy\" decoding=\"async\" class=\"alignnone size-medium wp-image-662\" src=\"http:\/\/www.real.edu.ee\/ajaveeb\/151a\/files\/2025\/06\/IMG_5456-300x225.jpeg\" alt=\"\" width=\"300\" height=\"225\" srcset=\"https:\/\/www.real.edu.ee\/ajaveeb\/151a\/files\/2025\/06\/IMG_5456-300x225.jpeg 300w, https:\/\/www.real.edu.ee\/ajaveeb\/151a\/files\/2025\/06\/IMG_5456-1024x768.jpeg 1024w, https:\/\/www.real.edu.ee\/ajaveeb\/151a\/files\/2025\/06\/IMG_5456-768x576.jpeg 768w, https:\/\/www.real.edu.ee\/ajaveeb\/151a\/files\/2025\/06\/IMG_5456-1536x1152.jpeg 1536w, https:\/\/www.real.edu.ee\/ajaveeb\/151a\/files\/2025\/06\/IMG_5456-2048x1536.jpeg 2048w\" sizes=\"auto, (max-width: 300px) 100vw, 300px\" \/><\/p>\n<p>Siis jagasime kiituskirju ja tunnistusi! <img loading=\"lazy\" decoding=\"async\" class=\"alignnone size-medium wp-image-663\" src=\"http:\/\/www.real.edu.ee\/ajaveeb\/151a\/files\/2025\/06\/IMG_5463-300x225.jpeg\" alt=\"\" width=\"300\" height=\"225\" srcset=\"https:\/\/www.real.edu.ee\/ajaveeb\/151a\/files\/2025\/06\/IMG_5463-300x225.jpeg 300w, https:\/\/www.real.edu.ee\/ajaveeb\/151a\/files\/2025\/06\/IMG_5463-1024x768.jpeg 1024w, https:\/\/www.real.edu.ee\/ajaveeb\/151a\/files\/2025\/06\/IMG_5463-768x576.jpeg 768w, https:\/\/www.real.edu.ee\/ajaveeb\/151a\/files\/2025\/06\/IMG_5463-1536x1152.jpeg 1536w, https:\/\/www.real.edu.ee\/ajaveeb\/151a\/files\/2025\/06\/IMG_5463-2048x1536.jpeg 2048w\" sizes=\"auto, (max-width: 300px) 100vw, 300px\" \/> <img loading=\"lazy\" decoding=\"async\" class=\"alignnone size-medium wp-image-664\" src=\"http:\/\/www.real.edu.ee\/ajaveeb\/151a\/files\/2025\/06\/IMG_5460-300x225.jpeg\" alt=\"\" width=\"300\" height=\"225\" srcset=\"https:\/\/www.real.edu.ee\/ajaveeb\/151a\/files\/2025\/06\/IMG_5460-300x225.jpeg 300w, https:\/\/www.real.edu.ee\/ajaveeb\/151a\/files\/2025\/06\/IMG_5460-1024x768.jpeg 1024w, https:\/\/www.real.edu.ee\/ajaveeb\/151a\/files\/2025\/06\/IMG_5460-768x576.jpeg 768w, https:\/\/www.real.edu.ee\/ajaveeb\/151a\/files\/2025\/06\/IMG_5460-1536x1152.jpeg 1536w, https:\/\/www.real.edu.ee\/ajaveeb\/151a\/files\/2025\/06\/IMG_5460-2048x1536.jpeg 2048w\" sizes=\"auto, (max-width: 300px) 100vw, 300px\" \/> <img loading=\"lazy\" decoding=\"async\" class=\"alignnone size-medium wp-image-665\" src=\"http:\/\/www.real.edu.ee\/ajaveeb\/151a\/files\/2025\/06\/IMG_5457-300x225.jpeg\" alt=\"\" width=\"300\" height=\"225\" srcset=\"https:\/\/www.real.edu.ee\/ajaveeb\/151a\/files\/2025\/06\/IMG_5457-300x225.jpeg 300w, https:\/\/www.real.edu.ee\/ajaveeb\/151a\/files\/2025\/06\/IMG_5457-1024x768.jpeg 1024w, https:\/\/www.real.edu.ee\/ajaveeb\/151a\/files\/2025\/06\/IMG_5457-768x576.jpeg 768w, https:\/\/www.real.edu.ee\/ajaveeb\/151a\/files\/2025\/06\/IMG_5457-1536x1152.jpeg 1536w, https:\/\/www.real.edu.ee\/ajaveeb\/151a\/files\/2025\/06\/IMG_5457-2048x1536.jpeg 2048w\" sizes=\"auto, (max-width: 300px) 100vw, 300px\" \/><\/p>\n","protected":false},"excerpt":{"rendered":"<p>Kuna vihmase ilma t\u00f5ttu j\u00e4i \u00f5ueaktus \u00e4ra, kogunesime klassiruumides, et direktori k\u00f5net kuulata. Siis jagasime kiituskirju ja tunnistusi!<\/p>\n","protected":false},"author":51,"featured_media":0,"comment_status":"closed","ping_status":"open","sticky":false,"template":"","format":"standard","meta":{"footnotes":""},"categories":[2],"tags":[40,39],"class_list":["post-660","post","type-post","status-publish","format-standard","hentry","category-oa-2024-2025","tag-suvevaheaeg","tag-suvi-algab"],"_links":{"self":[{"href":"https:\/\/www.real.edu.ee\/ajaveeb\/151a\/wp-json\/wp\/v2\/posts\/660","targetHints":{"allow":["GET"]}}],"collection":[{"href":"https:\/\/www.real.edu.ee\/ajaveeb\/151a\/wp-json\/wp\/v2\/posts"}],"about":[{"href":"https:\/\/www.real.edu.ee\/ajaveeb\/151a\/wp-json\/wp\/v2\/types\/post"}],"author":[{"embeddable":true,"href":"https:\/\/www.real.edu.ee\/ajaveeb\/151a\/wp-json\/wp\/v2\/users\/51"}],"replies":[{"embeddable":true,"href":"https:\/\/www.real.edu.ee\/ajaveeb\/151a\/wp-json\/wp\/v2\/comments?post=660"}],"version-history":[{"count":1,"href":"https:\/\/www.real.edu.ee\/ajaveeb\/151a\/wp-json\/wp\/v2\/posts\/660\/revisions"}],"predecessor-version":[{"id":666,"href":"https:\/\/www.real.edu.ee\/ajaveeb\/151a\/wp-json\/wp\/v2\/posts\/660\/revisions\/666"}],"wp:attachment":[{"href":"https:\/\/www.real.edu.ee\/ajaveeb\/151a\/wp-json\/wp\/v2\/media?parent=660"}],"wp:term":[{"taxonomy":"category","embeddable":true,"href":"https:\/\/www.real.edu.ee\/ajaveeb\/151a\/wp-json\/wp\/v2\/categories?post=660"},{"taxonomy":"post_tag","embeddable":true,"href":"https:\/\/www.real.edu.ee\/ajaveeb\/151a\/wp-json\/wp\/v2\/tags?post=660"}],"curies":[{"name":"wp","href":"https:\/\/api.w.org\/{rel}","templated":true}]}}