{"id":918,"date":"2025-05-22T07:40:59","date_gmt":"2025-05-22T07:40:59","guid":{"rendered":"https:\/\/www.real.edu.ee\/ajaveeb\/149b\/?p=918"},"modified":"2025-05-22T07:40:59","modified_gmt":"2025-05-22T07:40:59","slug":"mis-on-vabadus-kas-me-oleme-vabad-vabamus","status":"publish","type":"post","link":"https:\/\/www.real.edu.ee\/ajaveeb\/149b\/2025\/05\/22\/mis-on-vabadus-kas-me-oleme-vabad-vabamus\/","title":{"rendered":"Mis on vabadus? Kas Me oleme vabad? Vabamus!"},"content":{"rendered":"<p><a href=\"http:\/\/www.real.edu.ee\/ajaveeb\/149b\/files\/2025\/05\/IMG_8980-scaled.jpeg\"><img loading=\"lazy\" decoding=\"async\" class=\"alignnone size-medium wp-image-919\" src=\"http:\/\/www.real.edu.ee\/ajaveeb\/149b\/files\/2025\/05\/IMG_8980-300x225.jpeg\" alt=\"\" width=\"300\" height=\"225\" srcset=\"https:\/\/www.real.edu.ee\/ajaveeb\/149b\/files\/2025\/05\/IMG_8980-300x225.jpeg 300w, https:\/\/www.real.edu.ee\/ajaveeb\/149b\/files\/2025\/05\/IMG_8980-1024x768.jpeg 1024w, https:\/\/www.real.edu.ee\/ajaveeb\/149b\/files\/2025\/05\/IMG_8980-768x576.jpeg 768w, https:\/\/www.real.edu.ee\/ajaveeb\/149b\/files\/2025\/05\/IMG_8980-1536x1152.jpeg 1536w, https:\/\/www.real.edu.ee\/ajaveeb\/149b\/files\/2025\/05\/IMG_8980-2048x1536.jpeg 2048w\" sizes=\"auto, (max-width: 300px) 100vw, 300px\" \/><\/a> <a href=\"http:\/\/www.real.edu.ee\/ajaveeb\/149b\/files\/2025\/05\/IMG_8975-scaled.jpeg\"><img loading=\"lazy\" decoding=\"async\" class=\"alignnone size-medium wp-image-920\" src=\"http:\/\/www.real.edu.ee\/ajaveeb\/149b\/files\/2025\/05\/IMG_8975-300x225.jpeg\" alt=\"\" width=\"300\" height=\"225\" srcset=\"https:\/\/www.real.edu.ee\/ajaveeb\/149b\/files\/2025\/05\/IMG_8975-300x225.jpeg 300w, https:\/\/www.real.edu.ee\/ajaveeb\/149b\/files\/2025\/05\/IMG_8975-1024x768.jpeg 1024w, https:\/\/www.real.edu.ee\/ajaveeb\/149b\/files\/2025\/05\/IMG_8975-768x576.jpeg 768w, https:\/\/www.real.edu.ee\/ajaveeb\/149b\/files\/2025\/05\/IMG_8975-1536x1152.jpeg 1536w, https:\/\/www.real.edu.ee\/ajaveeb\/149b\/files\/2025\/05\/IMG_8975-2048x1536.jpeg 2048w\" sizes=\"auto, (max-width: 300px) 100vw, 300px\" \/><\/a><!--more-->T\u00e4nap\u00e4eva maailmas kuuleme tihti s\u00f5nu vabadus, priius, valikud ja v\u00f5imalused. Kuid mis need ikka t\u00e4pselt on? Kuidas saame Me elada sellist elu nagu elame? Mis s\u00fcndmused on meile andnud meie praegused vabaduse ja \u00f5igused? Kas see on p\u00fcsiv? Kes loovad selle, et meile j\u00e4\u00e4ks alati meie vabadus?<\/p>\n<p>Selle k\u00f5ige \u00fcle arutlesime Vabanus. Oli v\u00e4ga p\u00f5nev ja m\u00f5tlemapanev.<\/p>\n<p style=\"padding-left: 40px\"><a href=\"http:\/\/www.real.edu.ee\/ajaveeb\/149b\/files\/2025\/05\/IMG_8976-scaled.jpeg\"><img loading=\"lazy\" decoding=\"async\" class=\"alignnone size-medium wp-image-921\" src=\"http:\/\/www.real.edu.ee\/ajaveeb\/149b\/files\/2025\/05\/IMG_8976-300x225.jpeg\" alt=\"\" width=\"300\" height=\"225\" srcset=\"https:\/\/www.real.edu.ee\/ajaveeb\/149b\/files\/2025\/05\/IMG_8976-300x225.jpeg 300w, https:\/\/www.real.edu.ee\/ajaveeb\/149b\/files\/2025\/05\/IMG_8976-1024x768.jpeg 1024w, https:\/\/www.real.edu.ee\/ajaveeb\/149b\/files\/2025\/05\/IMG_8976-768x576.jpeg 768w, https:\/\/www.real.edu.ee\/ajaveeb\/149b\/files\/2025\/05\/IMG_8976-1536x1152.jpeg 1536w, https:\/\/www.real.edu.ee\/ajaveeb\/149b\/files\/2025\/05\/IMG_8976-2048x1536.jpeg 2048w\" sizes=\"auto, (max-width: 300px) 100vw, 300px\" \/><\/a> <a href=\"http:\/\/www.real.edu.ee\/ajaveeb\/149b\/files\/2025\/05\/IMG_8975-1-scaled.jpeg\"><img loading=\"lazy\" decoding=\"async\" class=\"alignnone size-medium wp-image-922\" src=\"http:\/\/www.real.edu.ee\/ajaveeb\/149b\/files\/2025\/05\/IMG_8975-1-300x225.jpeg\" alt=\"\" width=\"300\" height=\"225\" srcset=\"https:\/\/www.real.edu.ee\/ajaveeb\/149b\/files\/2025\/05\/IMG_8975-1-300x225.jpeg 300w, https:\/\/www.real.edu.ee\/ajaveeb\/149b\/files\/2025\/05\/IMG_8975-1-1024x768.jpeg 1024w, https:\/\/www.real.edu.ee\/ajaveeb\/149b\/files\/2025\/05\/IMG_8975-1-768x576.jpeg 768w, https:\/\/www.real.edu.ee\/ajaveeb\/149b\/files\/2025\/05\/IMG_8975-1-1536x1152.jpeg 1536w, https:\/\/www.real.edu.ee\/ajaveeb\/149b\/files\/2025\/05\/IMG_8975-1-2048x1536.jpeg 2048w\" sizes=\"auto, (max-width: 300px) 100vw, 300px\" \/><\/a><\/p>\n","protected":false},"excerpt":{"rendered":"","protected":false},"author":6,"featured_media":0,"comment_status":"closed","ping_status":"open","sticky":false,"template":"","format":"standard","meta":{"footnotes":""},"categories":[4],"tags":[],"class_list":["post-918","post","type-post","status-publish","format-standard","hentry","category-3-klass"],"_links":{"self":[{"href":"https:\/\/www.real.edu.ee\/ajaveeb\/149b\/wp-json\/wp\/v2\/posts\/918","targetHints":{"allow":["GET"]}}],"collection":[{"href":"https:\/\/www.real.edu.ee\/ajaveeb\/149b\/wp-json\/wp\/v2\/posts"}],"about":[{"href":"https:\/\/www.real.edu.ee\/ajaveeb\/149b\/wp-json\/wp\/v2\/types\/post"}],"author":[{"embeddable":true,"href":"https:\/\/www.real.edu.ee\/ajaveeb\/149b\/wp-json\/wp\/v2\/users\/6"}],"replies":[{"embeddable":true,"href":"https:\/\/www.real.edu.ee\/ajaveeb\/149b\/wp-json\/wp\/v2\/comments?post=918"}],"version-history":[{"count":1,"href":"https:\/\/www.real.edu.ee\/ajaveeb\/149b\/wp-json\/wp\/v2\/posts\/918\/revisions"}],"predecessor-version":[{"id":923,"href":"https:\/\/www.real.edu.ee\/ajaveeb\/149b\/wp-json\/wp\/v2\/posts\/918\/revisions\/923"}],"wp:attachment":[{"href":"https:\/\/www.real.edu.ee\/ajaveeb\/149b\/wp-json\/wp\/v2\/media?parent=918"}],"wp:term":[{"taxonomy":"category","embeddable":true,"href":"https:\/\/www.real.edu.ee\/ajaveeb\/149b\/wp-json\/wp\/v2\/categories?post=918"},{"taxonomy":"post_tag","embeddable":true,"href":"https:\/\/www.real.edu.ee\/ajaveeb\/149b\/wp-json\/wp\/v2\/tags?post=918"}],"curies":[{"name":"wp","href":"https:\/\/api.w.org\/{rel}","templated":true}]}}