{"id":780,"date":"2024-09-23T17:33:39","date_gmt":"2024-09-23T17:33:39","guid":{"rendered":"https:\/\/www.real.edu.ee\/ajaveeb\/149b\/?p=780"},"modified":"2025-04-23T17:37:30","modified_gmt":"2025-04-23T17:37:30","slug":"seenenaitusel-2","status":"publish","type":"post","link":"https:\/\/www.real.edu.ee\/ajaveeb\/149b\/2024\/09\/23\/seenenaitusel-2\/","title":{"rendered":"Seenen\u00e4itusel"},"content":{"rendered":"<p>Nagu traditsiooniks saanud, oli ka sel septembril koolihoovis s\u00fcgislaat. Ait\u00e4h, 1.klassid, korraldamast!<\/p>\n<p><a href=\"http:\/\/www.real.edu.ee\/ajaveeb\/149b\/files\/2025\/04\/IMG_7442-scaled.jpeg\"><img loading=\"lazy\" decoding=\"async\" class=\"alignnone size-medium wp-image-743\" src=\"http:\/\/www.real.edu.ee\/ajaveeb\/149b\/files\/2025\/04\/IMG_7442-225x300.jpeg\" alt=\"\" width=\"225\" height=\"300\" srcset=\"https:\/\/www.real.edu.ee\/ajaveeb\/149b\/files\/2025\/04\/IMG_7442-225x300.jpeg 225w, https:\/\/www.real.edu.ee\/ajaveeb\/149b\/files\/2025\/04\/IMG_7442-768x1024.jpeg 768w, https:\/\/www.real.edu.ee\/ajaveeb\/149b\/files\/2025\/04\/IMG_7442-1152x1536.jpeg 1152w, https:\/\/www.real.edu.ee\/ajaveeb\/149b\/files\/2025\/04\/IMG_7442-1536x2048.jpeg 1536w, https:\/\/www.real.edu.ee\/ajaveeb\/149b\/files\/2025\/04\/IMG_7442-scaled.jpeg 1920w\" sizes=\"auto, (max-width: 225px) 100vw, 225px\" \/><\/a><a href=\"http:\/\/www.real.edu.ee\/ajaveeb\/149b\/files\/2025\/04\/IMG_7440-scaled.jpeg\"><img loading=\"lazy\" decoding=\"async\" class=\"alignnone size-medium wp-image-741\" src=\"http:\/\/www.real.edu.ee\/ajaveeb\/149b\/files\/2025\/04\/IMG_7440-225x300.jpeg\" alt=\"\" width=\"225\" height=\"300\" srcset=\"https:\/\/www.real.edu.ee\/ajaveeb\/149b\/files\/2025\/04\/IMG_7440-225x300.jpeg 225w, https:\/\/www.real.edu.ee\/ajaveeb\/149b\/files\/2025\/04\/IMG_7440-768x1024.jpeg 768w, https:\/\/www.real.edu.ee\/ajaveeb\/149b\/files\/2025\/04\/IMG_7440-1152x1536.jpeg 1152w, https:\/\/www.real.edu.ee\/ajaveeb\/149b\/files\/2025\/04\/IMG_7440-1536x2048.jpeg 1536w, https:\/\/www.real.edu.ee\/ajaveeb\/149b\/files\/2025\/04\/IMG_7440-scaled.jpeg 1920w\" sizes=\"auto, (max-width: 225px) 100vw, 225px\" \/><\/a><a href=\"http:\/\/www.real.edu.ee\/ajaveeb\/149b\/files\/2025\/04\/IMG_7441-scaled.jpeg\"><img loading=\"lazy\" decoding=\"async\" class=\"alignnone size-medium wp-image-748\" src=\"http:\/\/www.real.edu.ee\/ajaveeb\/149b\/files\/2025\/04\/IMG_7441-225x300.jpeg\" alt=\"\" width=\"225\" height=\"300\" srcset=\"https:\/\/www.real.edu.ee\/ajaveeb\/149b\/files\/2025\/04\/IMG_7441-225x300.jpeg 225w, https:\/\/www.real.edu.ee\/ajaveeb\/149b\/files\/2025\/04\/IMG_7441-768x1024.jpeg 768w, https:\/\/www.real.edu.ee\/ajaveeb\/149b\/files\/2025\/04\/IMG_7441-1152x1536.jpeg 1152w, https:\/\/www.real.edu.ee\/ajaveeb\/149b\/files\/2025\/04\/IMG_7441-1536x2048.jpeg 1536w, https:\/\/www.real.edu.ee\/ajaveeb\/149b\/files\/2025\/04\/IMG_7441-scaled.jpeg 1920w\" sizes=\"auto, (max-width: 225px) 100vw, 225px\" \/><\/a><\/p>\n<p>N\u00e4itusel oli hea oma varasemaid teadmisi meenutada ning huvitavaid uusi teadmisi saada.<\/p>\n<p>Hiljem oli hea kunstitunnis seeni voolida ning k\u00f5ige l\u00f5pus seened katki l\u00f5igata ning viimsetki sentimeetrit uurida.<\/p>\n<p><a href=\"http:\/\/www.real.edu.ee\/ajaveeb\/149b\/files\/2025\/04\/IMG_7437-scaled.jpeg\"><img loading=\"lazy\" decoding=\"async\" class=\"alignnone size-medium wp-image-747\" src=\"http:\/\/www.real.edu.ee\/ajaveeb\/149b\/files\/2025\/04\/IMG_7437-225x300.jpeg\" alt=\"\" width=\"225\" height=\"300\" srcset=\"https:\/\/www.real.edu.ee\/ajaveeb\/149b\/files\/2025\/04\/IMG_7437-225x300.jpeg 225w, https:\/\/www.real.edu.ee\/ajaveeb\/149b\/files\/2025\/04\/IMG_7437-768x1024.jpeg 768w, https:\/\/www.real.edu.ee\/ajaveeb\/149b\/files\/2025\/04\/IMG_7437-1152x1536.jpeg 1152w, https:\/\/www.real.edu.ee\/ajaveeb\/149b\/files\/2025\/04\/IMG_7437-1536x2048.jpeg 1536w, https:\/\/www.real.edu.ee\/ajaveeb\/149b\/files\/2025\/04\/IMG_7437-scaled.jpeg 1920w\" sizes=\"auto, (max-width: 225px) 100vw, 225px\" \/><\/a> \u00a0<a href=\"http:\/\/www.real.edu.ee\/ajaveeb\/149b\/files\/2025\/04\/IMG_7436-scaled.jpeg\"><img loading=\"lazy\" decoding=\"async\" class=\"alignnone size-medium wp-image-745\" src=\"http:\/\/www.real.edu.ee\/ajaveeb\/149b\/files\/2025\/04\/IMG_7436-225x300.jpeg\" alt=\"\" width=\"225\" height=\"300\" srcset=\"https:\/\/www.real.edu.ee\/ajaveeb\/149b\/files\/2025\/04\/IMG_7436-225x300.jpeg 225w, https:\/\/www.real.edu.ee\/ajaveeb\/149b\/files\/2025\/04\/IMG_7436-768x1024.jpeg 768w, https:\/\/www.real.edu.ee\/ajaveeb\/149b\/files\/2025\/04\/IMG_7436-1152x1536.jpeg 1152w, https:\/\/www.real.edu.ee\/ajaveeb\/149b\/files\/2025\/04\/IMG_7436-1536x2048.jpeg 1536w, https:\/\/www.real.edu.ee\/ajaveeb\/149b\/files\/2025\/04\/IMG_7436-scaled.jpeg 1920w\" sizes=\"auto, (max-width: 225px) 100vw, 225px\" \/><\/a> <a href=\"http:\/\/www.real.edu.ee\/ajaveeb\/149b\/files\/2025\/04\/IMG_7439-scaled.jpeg\"><img loading=\"lazy\" decoding=\"async\" class=\"alignnone size-medium wp-image-744\" src=\"http:\/\/www.real.edu.ee\/ajaveeb\/149b\/files\/2025\/04\/IMG_7439-300x225.jpeg\" alt=\"\" width=\"300\" height=\"225\" srcset=\"https:\/\/www.real.edu.ee\/ajaveeb\/149b\/files\/2025\/04\/IMG_7439-300x225.jpeg 300w, https:\/\/www.real.edu.ee\/ajaveeb\/149b\/files\/2025\/04\/IMG_7439-1024x768.jpeg 1024w, https:\/\/www.real.edu.ee\/ajaveeb\/149b\/files\/2025\/04\/IMG_7439-768x576.jpeg 768w, https:\/\/www.real.edu.ee\/ajaveeb\/149b\/files\/2025\/04\/IMG_7439-1536x1152.jpeg 1536w, https:\/\/www.real.edu.ee\/ajaveeb\/149b\/files\/2025\/04\/IMG_7439-2048x1536.jpeg 2048w\" sizes=\"auto, (max-width: 300px) 100vw, 300px\" \/><\/a><\/p>\n<p>P\u00e4eva l\u00f5petuseks maitsesime ka erinevaid seeni\u00a0 ja kui p\u00e4ris aus olla, siis see osa p\u00e4evast k\u00fcll suuremale enamusele ei meeldinud \ud83d\ude00<\/p>\n","protected":false},"excerpt":{"rendered":"<p>Nagu traditsiooniks saanud, oli ka sel septembril koolihoovis s\u00fcgislaat. Ait\u00e4h, 1.klassid, korraldamast! N\u00e4itusel oli hea oma varasemaid teadmisi meenutada ning huvitavaid uusi teadmisi saada. Hiljem oli hea kunstitunnis seeni voolida ning k\u00f5ige l\u00f5pus seened katki l\u00f5igata ning viimsetki sentimeetrit uurida. \u00a0 P\u00e4eva l\u00f5petuseks maitsesime ka erinevaid seeni\u00a0 ja kui p\u00e4ris aus olla, siis see osa [&hellip;]<\/p>\n","protected":false},"author":6,"featured_media":0,"comment_status":"closed","ping_status":"open","sticky":false,"template":"","format":"standard","meta":{"footnotes":""},"categories":[4],"tags":[],"class_list":["post-780","post","type-post","status-publish","format-standard","hentry","category-3-klass"],"_links":{"self":[{"href":"https:\/\/www.real.edu.ee\/ajaveeb\/149b\/wp-json\/wp\/v2\/posts\/780","targetHints":{"allow":["GET"]}}],"collection":[{"href":"https:\/\/www.real.edu.ee\/ajaveeb\/149b\/wp-json\/wp\/v2\/posts"}],"about":[{"href":"https:\/\/www.real.edu.ee\/ajaveeb\/149b\/wp-json\/wp\/v2\/types\/post"}],"author":[{"embeddable":true,"href":"https:\/\/www.real.edu.ee\/ajaveeb\/149b\/wp-json\/wp\/v2\/users\/6"}],"replies":[{"embeddable":true,"href":"https:\/\/www.real.edu.ee\/ajaveeb\/149b\/wp-json\/wp\/v2\/comments?post=780"}],"version-history":[{"count":1,"href":"https:\/\/www.real.edu.ee\/ajaveeb\/149b\/wp-json\/wp\/v2\/posts\/780\/revisions"}],"predecessor-version":[{"id":781,"href":"https:\/\/www.real.edu.ee\/ajaveeb\/149b\/wp-json\/wp\/v2\/posts\/780\/revisions\/781"}],"wp:attachment":[{"href":"https:\/\/www.real.edu.ee\/ajaveeb\/149b\/wp-json\/wp\/v2\/media?parent=780"}],"wp:term":[{"taxonomy":"category","embeddable":true,"href":"https:\/\/www.real.edu.ee\/ajaveeb\/149b\/wp-json\/wp\/v2\/categories?post=780"},{"taxonomy":"post_tag","embeddable":true,"href":"https:\/\/www.real.edu.ee\/ajaveeb\/149b\/wp-json\/wp\/v2\/tags?post=780"}],"curies":[{"name":"wp","href":"https:\/\/api.w.org\/{rel}","templated":true}]}}